{"id":622,"date":"2026-08-21T12:30:47","date_gmt":"2026-08-21T12:30:47","guid":{"rendered":"https:\/\/ferenczbutor.hu\/?p=622"},"modified":"2026-08-21T12:30:49","modified_gmt":"2026-08-21T12:30:49","slug":"egyedi-butor-keszites-lepesrol-lepesre-teljes-utmutato","status":"publish","type":"post","link":"https:\/\/ferenczbutor.hu\/index.php\/2026\/08\/21\/egyedi-butor-keszites-lepesrol-lepesre-teljes-utmutato\/","title":{"rendered":"Egyedi b\u00fator k\u00e9sz\u00edt\u00e9s l\u00e9p\u00e9sr\u0151l l\u00e9p\u00e9sre: teljes \u00fatmutat\u00f3"},"content":{"rendered":"\n<p class=\"wp-block-paragraph\"><strong>R\u00f6viden:<\/strong> A j\u00f3 egyedi b\u00fator a felm\u00e9r\u00e9s, a haszn\u00e1lati ig\u00e9nyek, a r\u00e9szletes terv, az \u00e1tl\u00e1that\u00f3 aj\u00e1nlat \u00e9s a prec\u00edz be\u00e9p\u00edt\u00e9s egym\u00e1sra \u00e9p\u00fcl\u0151 eredm\u00e9nye.<\/p>\n\n\n\n<h2 class=\"wp-block-heading\">1. Az ig\u00e9nyek tiszt\u00e1z\u00e1sa<\/h2>\n\n\n\n<p class=\"wp-block-paragraph\">\u00c9rdemes el\u0151sz\u00f6r azt \u00f6ssze\u00edrni, hogy mit t\u00e1roln\u00e1l, kik haszn\u00e1lj\u00e1k majd a b\u00fatort, \u00e9s mely napi mozdulatokat szeretn\u00e9d egyszer\u0171bb\u00e9 tenni. Egy el\u0151szobaszekr\u00e9ny, egy konyha \u00e9s egy nappali fal m\u00e1s terhel\u00e9st, m\u00e1s hozz\u00e1f\u00e9r\u00e9st \u00e9s elt\u00e9r\u0151 bels\u0151 logik\u00e1t k\u00edv\u00e1n. A j\u00f3 tervez\u00e9s ez\u00e9rt nem egy katal\u00f3gusk\u00e9p lem\u00e1sol\u00e1sa, hanem a saj\u00e1t rutinod leford\u00edt\u00e1sa m\u00e9retekre \u00e9s funkci\u00f3kra. A d\u00f6nt\u00e9seket \u00e9s m\u00f3dos\u00edt\u00e1sokat \u00edr\u00e1sban, minden \u00e9rintett sz\u00e1m\u00e1ra azonos dokumentumban \u00e9rdemes r\u00f6gz\u00edteni. Ha ezt m\u00e9g a tervez\u00e9s elej\u00e9n tiszt\u00e1zod, kisebb az es\u00e9lye annak, hogy a k\u00e9sz b\u00fator napi kompromisszumot okoz.<\/p>\n\n\n\n<h2 class=\"wp-block-heading\">2. Helysz\u00edni felm\u00e9r\u00e9s<\/h2>\n\n\n\n<p class=\"wp-block-paragraph\">A falak ritk\u00e1n teljesen p\u00e1rhuzamosak, a padl\u00f3 \u00e9s a mennyezet pedig sok lak\u00e1sban nem t\u00f6k\u00e9letesen v\u00edzszintes. A pontos felm\u00e9r\u00e9s sor\u00e1n a ny\u00edl\u00e1sz\u00e1r\u00f3k, ki\u00e1ll\u00e1sok, konnektorok, szeg\u00e9lyek, radi\u00e1torok \u00e9s szerel\u00e9si \u00fatvonalak is beker\u00fclnek a tervbe. Ezek ismerete seg\u00edt abban, hogy a b\u00fator a helysz\u00ednen val\u00f3ban illeszkedjen, \u00e9s ne a szerel\u00e9s napj\u00e1n der\u00fcljenek ki a korl\u00e1toz\u00f3 adotts\u00e1gok. A k\u00f6vetkez\u0151 munkaf\u00e1zis csak akkor induljon, amikor az el\u0151z\u0151 l\u00e9p\u00e9s adatai m\u00e1r ellen\u0151rz\u00f6ttek. A r\u00e9szletet \u00e9rdemes nemcsak rajzon, hanem a haszn\u00e1l\u00f3 mozdulataival \u00e9s a k\u00f6rnyez\u0151 t\u00e1rgyakkal egy\u00fctt elk\u00e9pzelni.<\/p>\n\n\n\n<h2 class=\"wp-block-heading\">3. Funkcion\u00e1lis \u00e9s l\u00e1tv\u00e1nyterv<\/h2>\n\n\n\n<p class=\"wp-block-paragraph\">A funkcion\u00e1lis terv megmutatja a korpuszok, polcok, fi\u00f3kok, akaszt\u00f3k \u00e9s g\u00e9pek hely\u00e9t; a l\u00e1tv\u00e1nyterv pedig seg\u00edt elk\u00e9pzelni a sz\u00edneket, ar\u00e1nyokat \u00e9s a b\u00fator kapcsolat\u00e1t a helyis\u00e9ggel. A kett\u0151 egy\u00fctt ad biztons\u00e1got. Egy sz\u00e9p k\u00e9p \u00f6nmag\u00e1ban kev\u00e9s, ha a fi\u00f3k nem nyithat\u00f3 ki k\u00e9nyelmesen, ugyanakkor a j\u00f3l m\u0171k\u00f6d\u0151 b\u00fator sem lesz igaz\u00e1n j\u00f3, ha idegen\u00fcl hat az enteri\u0151rben. A pontos m\u0171szaki tartalom t\u00f6bbet \u00e9r, mint egy gyors, de sok felt\u00e9telt nyitva hagy\u00f3 igen. A j\u00f3 megold\u00e1s itt nem felt\u00e9tlen\u00fcl a legbonyolultabb, hanem az, amely hossz\u00fa t\u00e1von is egyszer\u0171en haszn\u00e1lhat\u00f3.<\/p>\n\n\n\n<h2 class=\"wp-block-heading\">4. Anyagok \u00e9s vasalatok kiv\u00e1laszt\u00e1sa<\/h2>\n\n\n\n<p class=\"wp-block-paragraph\">Nem minden fel\u00fclet val\u00f3 minden helyre. A konyh\u00e1ban fontos a k\u00f6nny\u0171 tiszt\u00edthat\u00f3s\u00e1g \u00e9s a terhelhet\u0151s\u00e9g, a gardr\u00f3bn\u00e1l a tart\u00f3s \u00e9lk\u00e9pz\u00e9s \u00e9s a megb\u00edzhat\u00f3 ajt\u00f3mozg\u00e1s, a nappaliban pedig gyakran a finom r\u00e9szletek domin\u00e1lnak. Az anyagmint\u00e1kat \u00e9rdemes a helyis\u00e9g saj\u00e1t f\u00e9ny\u00e9ben megn\u00e9zni, a vasalatokat pedig haszn\u00e1lat szerint kiv\u00e1lasztani: m\u00e1st ig\u00e9nyel egy naponta sokszor nyitott fi\u00f3k, mint egy ritk\u00e1n haszn\u00e1lt fels\u0151 t\u00e1rol\u00f3. Egy r\u00f6vid ellen\u0151rz\u00e9s ezen a ponton gyakran sokkal kevesebbe ker\u00fcl, mint a helysz\u00edni jav\u00edt\u00e1s. M\u00e1r n\u00e9h\u00e1ny perc c\u00e9lzott ellen\u0151rz\u00e9s is seg\u00edt elv\u00e1lasztani a l\u00e1tv\u00e1nyos \u00f6tletet a val\u00f3ban praktikus megold\u00e1st\u00f3l.<\/p>\n\n\n\n<h2 class=\"wp-block-heading\">5. T\u00e9teles aj\u00e1nlat \u00e9s j\u00f3v\u00e1hagy\u00e1s<\/h2>\n\n\n\n<p class=\"wp-block-paragraph\">Egy \u00f6sszehasonl\u00edthat\u00f3 aj\u00e1nlatb\u00f3l kider\u00fcl a b\u00fator m\u00e9rete, a v\u00e1lasztott anyag, a front, a vasalat, a munkalap vagy \u00fcveg, valamint a sz\u00e1ll\u00edt\u00e1s \u00e9s be\u00e9p\u00edt\u00e9s tartalma. A puszta v\u00e9g\u00f6sszeg f\u00e9lrevezet\u0151 lehet, mert k\u00e9t azonosnak t\u0171n\u0151 b\u00fator m\u0171szaki tartalma jelent\u0151sen elt\u00e9rhet. A gy\u00e1rt\u00e1s el\u0151tt minden l\u00e9nyeges r\u00e9szletet \u00e9rdemes \u00edr\u00e1sban r\u00f6gz\u00edteni. A d\u00f6nt\u00e9seket \u00e9s m\u00f3dos\u00edt\u00e1sokat \u00edr\u00e1sban, minden \u00e9rintett sz\u00e1m\u00e1ra azonos dokumentumban \u00e9rdemes r\u00f6gz\u00edteni. A m\u00e9ret, a szerkezet \u00e9s a haszn\u00e1lati szok\u00e1s egy\u00fctt ad biztos v\u00e1laszt, ez\u00e9rt egyik szempontot sem \u00e9rdemes \u00f6nmag\u00e1ban kezelni.<\/p>\n\n\n\n<h2 class=\"wp-block-heading\">6. Gy\u00e1rt\u00e1s, sz\u00e1ll\u00edt\u00e1s \u00e9s be\u00e9p\u00edt\u00e9s<\/h2>\n\n\n\n<p class=\"wp-block-paragraph\">A j\u00f3v\u00e1hagyott terv alapj\u00e1n kezd\u0151dik a gy\u00e1rt\u00e1s, majd az elemek el\u0151k\u00e9sz\u00edtve \u00e9rkeznek a helysz\u00ednre. A be\u00e9p\u00edt\u00e9s ideje f\u00fcgg a b\u00fator m\u00e9ret\u00e9t\u0151l, a helysz\u00edn megk\u00f6zel\u00edthet\u0151s\u00e9g\u00e9t\u0151l \u00e9s az illeszt\u00e9sek sz\u00e1m\u00e1t\u00f3l. Az \u00e1tad\u00e1skor nemcsak a l\u00e1tv\u00e1nyt kell ellen\u0151rizni: minden ajt\u00f3t, fi\u00f3kot, vil\u00e1g\u00edt\u00e1st \u00e9s kieg\u00e9sz\u00edt\u0151t \u00e9rdemes v\u00e9gigpr\u00f3b\u00e1lni. A k\u00f6vetkez\u0151 munkaf\u00e1zis csak akkor induljon, amikor az el\u0151z\u0151 l\u00e9p\u00e9s adatai m\u00e1r ellen\u0151rz\u00f6ttek. Ha ezt m\u00e9g a tervez\u00e9s elej\u00e9n tiszt\u00e1zod, kisebb az es\u00e9lye annak, hogy a k\u00e9sz b\u00fator napi kompromisszumot okoz.<\/p>\n\n\n\n<h2 class=\"wp-block-heading\">Gyakori hib\u00e1k, amelyeket \u00e9rdemes elker\u00fclni<\/h2>\n\n\n\n<ul class=\"wp-block-list\">\n<li>Csak egy inspir\u00e1ci\u00f3s fot\u00f3 alapj\u00e1n d\u00f6nteni, pontos ig\u00e9nylista n\u00e9lk\u00fcl.<\/li>\n\n\n\n<li>A villany- \u00e9s g\u00e9p\u00e9szeti ki\u00e1ll\u00e1sokat a b\u00fatorterv el\u0151tt v\u00e9gleges\u00edteni.<\/li>\n\n\n\n<li>Kiz\u00e1r\u00f3lag a v\u00e9g\u00f6sszeget \u00f6sszehasonl\u00edtani a m\u0171szaki tartalom helyett.<\/li>\n<\/ul>\n\n\n\n<h2 class=\"wp-block-heading\">Gyors ellen\u0151rz\u0151lista d\u00f6nt\u00e9s el\u0151tt<\/h2>\n\n\n\n<ul class=\"wp-block-list\">\n<li>\u00cdrd \u00f6ssze a k\u00f6telez\u0151 \u00e9s v\u00e1laszthat\u00f3 ig\u00e9nyeket.<\/li>\n\n\n\n<li>K\u00e9sz\u00edts fot\u00f3kat \u00e9s alapm\u00e9reteket a helysz\u00ednr\u0151l.<\/li>\n\n\n\n<li>K\u00e9rj t\u00e9teles tervet, aj\u00e1nlatot \u00e9s \u00fctemez\u00e9st.<\/li>\n\n\n\n<li>A gy\u00e1rt\u00e1s el\u0151tt \u00edr\u00e1sban hagyd j\u00f3v\u00e1 a v\u00e9gleges v\u00e1ltozatot.<\/li>\n<\/ul>\n\n\n\n<h2 class=\"wp-block-heading\">\u00d6sszegz\u00e9s<\/h2>\n\n\n\n<p class=\"wp-block-paragraph\">A j\u00f3 egyedi b\u00fator a felm\u00e9r\u00e9s, a haszn\u00e1lati ig\u00e9nyek, a r\u00e9szletes terv, az \u00e1tl\u00e1that\u00f3 aj\u00e1nlat \u00e9s a prec\u00edz be\u00e9p\u00edt\u00e9s egym\u00e1sra \u00e9p\u00fcl\u0151 eredm\u00e9nye. A tart\u00f3s eredm\u00e9nyhez a k\u00fcls\u0151 megjelen\u00e9st, a m\u0171szaki r\u00e9szleteket \u00e9s a saj\u00e1t haszn\u00e1lati szok\u00e1saidat egy tervben kell \u00f6sszehangolni.<\/p>\n\n\n\n<p class=\"wp-block-paragraph\"><strong>K\u00f6vetkez\u0151 l\u00e9p\u00e9s:<\/strong> Ha szeretn\u00e9d \u00e1tl\u00e1that\u00f3an v\u00e9gigvinni az egyedi b\u00fator tervez\u00e9s\u00e9t a felm\u00e9r\u00e9st\u0151l a be\u00e9p\u00edt\u00e9sig, k\u00e9rj online konzult\u00e1ci\u00f3t a Ferencz B\u00fatort\u00f3l. Egy r\u00f6vid egyeztet\u00e9s ut\u00e1n pontosabban l\u00e1that\u00f3, milyen megold\u00e1s illik a t\u00e9rhez \u00e9s a kerethez.<\/p>\n","protected":false},"excerpt":{"rendered":"<p>R\u00f6viden: A j\u00f3 egyedi b\u00fator a felm\u00e9r\u00e9s, a haszn\u00e1lati ig\u00e9nyek, a r\u00e9szletes terv, az \u00e1tl\u00e1that\u00f3 aj\u00e1nlat \u00e9s a prec\u00edz be\u00e9p\u00edt\u00e9s egym\u00e1sra \u00e9p\u00fcl\u0151 eredm\u00e9nye. 1. Az ig\u00e9nyek tiszt\u00e1z\u00e1sa \u00c9rdemes el\u0151sz\u00f6r azt \u00f6ssze\u00edrni, hogy mit t\u00e1roln\u00e1l, kik haszn\u00e1lj\u00e1k majd a b\u00fatort, \u00e9s mely napi mozdulatokat szeretn\u00e9d egyszer\u0171bb\u00e9 tenni. Egy el\u0151szobaszekr\u00e9ny, egy konyha \u00e9s egy nappali fal m\u00e1s [&hellip;]<\/p>\n","protected":false},"author":1,"featured_media":0,"comment_status":"open","ping_status":"open","sticky":false,"template":"","format":"standard","meta":{"footnotes":""},"categories":[1],"tags":[],"class_list":["post-622","post","type-post","status-publish","format-standard","hentry","category-uncategorized"],"_links":{"self":[{"href":"https:\/\/ferenczbutor.hu\/index.php\/wp-json\/wp\/v2\/posts\/622","targetHints":{"allow":["GET"]}}],"collection":[{"href":"https:\/\/ferenczbutor.hu\/index.php\/wp-json\/wp\/v2\/posts"}],"about":[{"href":"https:\/\/ferenczbutor.hu\/index.php\/wp-json\/wp\/v2\/types\/post"}],"author":[{"embeddable":true,"href":"https:\/\/ferenczbutor.hu\/index.php\/wp-json\/wp\/v2\/users\/1"}],"replies":[{"embeddable":true,"href":"https:\/\/ferenczbutor.hu\/index.php\/wp-json\/wp\/v2\/comments?post=622"}],"version-history":[{"count":1,"href":"https:\/\/ferenczbutor.hu\/index.php\/wp-json\/wp\/v2\/posts\/622\/revisions"}],"predecessor-version":[{"id":623,"href":"https:\/\/ferenczbutor.hu\/index.php\/wp-json\/wp\/v2\/posts\/622\/revisions\/623"}],"wp:attachment":[{"href":"https:\/\/ferenczbutor.hu\/index.php\/wp-json\/wp\/v2\/media?parent=622"}],"wp:term":[{"taxonomy":"category","embeddable":true,"href":"https:\/\/ferenczbutor.hu\/index.php\/wp-json\/wp\/v2\/categories?post=622"},{"taxonomy":"post_tag","embeddable":true,"href":"https:\/\/ferenczbutor.hu\/index.php\/wp-json\/wp\/v2\/tags?post=622"}],"curies":[{"name":"wp","href":"https:\/\/api.w.org\/{rel}","templated":true}]}}