{"id":624,"date":"2026-08-21T12:32:30","date_gmt":"2026-08-21T12:32:30","guid":{"rendered":"https:\/\/ferenczbutor.hu\/?p=624"},"modified":"2026-08-21T12:32:31","modified_gmt":"2026-08-21T12:32:31","slug":"beepitett-szekreny-tervezese-igy-lesz-minden-centi-hasznos","status":"publish","type":"post","link":"https:\/\/ferenczbutor.hu\/index.php\/2026\/08\/21\/beepitett-szekreny-tervezese-igy-lesz-minden-centi-hasznos\/","title":{"rendered":"Be\u00e9p\u00edtett szekr\u00e9ny tervez\u00e9se: \u00edgy lesz minden centi hasznos"},"content":{"rendered":"\n<p class=\"wp-block-paragraph\"><strong>R\u00f6viden:<\/strong> El\u0151sz\u00f6r a t\u00e1roland\u00f3 t\u00e1rgyakat \u00e9s a haszn\u00e1lati gyakoris\u00e1got tervezd meg, \u00e9s csak ezut\u00e1n oszd fel polcokra, fi\u00f3kokra \u00e9s akaszt\u00f3s r\u00e9szekre a rendelkez\u00e9sre \u00e1ll\u00f3 helyet.<\/p>\n\n\n\n<h2 class=\"wp-block-heading\">A helyis\u00e9g adotts\u00e1gai<\/h2>\n\n\n\n<p class=\"wp-block-paragraph\">A szekr\u00e9ny k\u00f6rnyezet\u00e9t eg\u00e9sz\u00e9ben kell n\u00e9zni: ajt\u00f3nyit\u00e1s, k\u00f6zleked\u00e9si \u00fatvonal, konnektor, kapcsol\u00f3, szeg\u00e9lyl\u00e9c, padl\u00f3f\u0171t\u00e9s, radi\u00e1tor \u00e9s mennyezeti kiugr\u00e1s is befoly\u00e1solhatja a kialak\u00edt\u00e1st. F\u00fclk\u00e9be \u00e9p\u00edt\u00e9sn\u00e9l k\u00fcl\u00f6n\u00f6sen fontos t\u00f6bb ponton m\u00e9rni, mert n\u00e9h\u00e1ny millim\u00e9ter elt\u00e9r\u00e9s is l\u00e1that\u00f3 h\u00e9zaghoz vagy neh\u00e9z szerel\u00e9shez vezethet. A d\u00f6nt\u00e9st a ruhat\u00e1rad mennyis\u00e9ge \u00e9s a szekr\u00e9ny t\u00e9nyleges nyit\u00e1si helyzete alapj\u00e1n ellen\u0151rizd. Ha ezt m\u00e9g a tervez\u00e9s elej\u00e9n tiszt\u00e1zod, kisebb az es\u00e9lye annak, hogy a k\u00e9sz b\u00fator napi kompromisszumot okoz.<\/p>\n\n\n\n<h2 class=\"wp-block-heading\">T\u00e1rol\u00e1si lelt\u00e1r<\/h2>\n\n\n\n<p class=\"wp-block-paragraph\">K\u00fcl\u00f6n\u00edtsd el a hossz\u00fa ruh\u00e1kat, ingeket, nadr\u00e1gokat, hajtogatott darabokat, cip\u0151ket, t\u00e1sk\u00e1kat \u00e9s szezon\u00e1lis holmikat. A gyakran haszn\u00e1lt t\u00e1rgyak ker\u00fcljenek k\u00f6nnyen el\u00e9rhet\u0151 magass\u00e1gba, a ritk\u00e1bban el\u0151vett dobozok pedig fel\u00fclre. \u00cdgy a bels\u0151 t\u00e9r nem egyenl\u0151 m\u00e9ret\u0171 rekeszekb\u0151l \u00e1ll, hanem a val\u00f3s haszn\u00e1latot k\u00f6veti. A bels\u0151 elrendez\u00e9sn\u00e9l mindig a nett\u00f3, val\u00f3ban haszn\u00e1lhat\u00f3 m\u00e9rettel sz\u00e1molj. A r\u00e9szletet \u00e9rdemes nemcsak rajzon, hanem a haszn\u00e1l\u00f3 mozdulataival \u00e9s a k\u00f6rnyez\u0151 t\u00e1rgyakkal egy\u00fctt elk\u00e9pzelni.<\/p>\n\n\n\n<h2 class=\"wp-block-heading\">Polc, fi\u00f3k \u00e9s akaszt\u00f3 ar\u00e1nya<\/h2>\n\n\n\n<p class=\"wp-block-paragraph\">A t\u00fal sok m\u00e9ly polcon egym\u00e1s m\u00f6g\u00e9 ker\u00fclnek a ruh\u00e1k, a t\u00fal sok akaszt\u00f3s r\u00e9sz pedig akkor pazarl\u00f3, ha a ruhat\u00e1r nagy r\u00e9sze hajtogatott. A fi\u00f3k j\u00f3l \u00e1ttekinthet\u0151 az apr\u00f3bb darabokhoz, a kih\u00fazhat\u00f3 kieg\u00e9sz\u00edt\u0151k pedig sz\u0171kebb z\u00f3n\u00e1kban seg\u00edtenek. A helyes ar\u00e1ny minden h\u00e1ztart\u00e1sban m\u00e1s, ez\u00e9rt nincs univerz\u00e1lis bels\u0151 kioszt\u00e1s. Egy nyitott bels\u0151 n\u00e9zeten gyorsan kider\u00fcl, hogy a megold\u00e1s a napi rutinban is m\u0171k\u00f6dik-e. A j\u00f3 megold\u00e1s itt nem felt\u00e9tlen\u00fcl a legbonyolultabb, hanem az, amely hossz\u00fa t\u00e1von is egyszer\u0171en haszn\u00e1lhat\u00f3.<\/p>\n\n\n\n<h2 class=\"wp-block-heading\">Ajt\u00f3t\u00edpus \u00e9s hozz\u00e1f\u00e9r\u00e9s<\/h2>\n\n\n\n<p class=\"wp-block-paragraph\">Tol\u00f3ajt\u00f3n\u00e1l egyszerre csak a szekr\u00e9ny egy r\u00e9sze nyithat\u00f3 meg, ez\u00e9rt a bels\u0151 oszt\u00e1sokat az ajt\u00f3k mozg\u00e1s\u00e1hoz kell igaz\u00edtani. Ny\u00edl\u00f3ajt\u00f3n\u00e1l egyszer\u0171bb a teljes hozz\u00e1f\u00e9r\u00e9s, viszont az ajt\u00f3sz\u00e1rnyak el\u0151tt szabad helyre van sz\u00fcks\u00e9g. A bels\u0151 fi\u00f3kok hely\u00e9t \u00fagy kell megv\u00e1lasztani, hogy az ajt\u00f3 vagy a tol\u00f3ajt\u00f3 profilja ne akad\u00e1lyozza a kih\u00faz\u00e1st. A ritk\u00e1n \u00e9s a naponta haszn\u00e1lt holmik k\u00fcl\u00f6nv\u00e1laszt\u00e1sa seg\u00edt elker\u00fclni a felesleges t\u00faltervez\u00e9st. M\u00e1r n\u00e9h\u00e1ny perc c\u00e9lzott ellen\u0151rz\u00e9s is seg\u00edt elv\u00e1lasztani a l\u00e1tv\u00e1nyos \u00f6tletet a val\u00f3ban praktikus megold\u00e1st\u00f3l.<\/p>\n\n\n\n<h2 class=\"wp-block-heading\">Fels\u0151, ritk\u00e1n haszn\u00e1lt z\u00f3na<\/h2>\n\n\n\n<p class=\"wp-block-paragraph\">A mennyezetig \u00e9r\u0151 kialak\u00edt\u00e1s megsz\u00fcnteti a porfog\u00f3 r\u00e9st, \u00e9s helyet ad b\u0151r\u00f6nd\u00f6knek, \u00e1gynem\u0171nek vagy szezon\u00e1lis dobozoknak. A fels\u0151 r\u00e9sz akkor m\u0171k\u00f6dik j\u00f3l, ha logikusan csoportos\u00edtott \u00e9s hozz\u00e1f\u00e9rhet\u0151. A napi haszn\u00e1lat\u00fa t\u00e1rgyakat nem \u00e9rdemes ide k\u00e9nyszer\u00edteni csak az\u00e9rt, hogy alul l\u00e1tv\u00e1nyosan \u00fcres maradjon a b\u00fator. A d\u00f6nt\u00e9st a ruhat\u00e1rad mennyis\u00e9ge \u00e9s a szekr\u00e9ny t\u00e9nyleges nyit\u00e1si helyzete alapj\u00e1n ellen\u0151rizd. A m\u00e9ret, a szerkezet \u00e9s a haszn\u00e1lati szok\u00e1s egy\u00fctt ad biztos v\u00e1laszt, ez\u00e9rt egyik szempontot sem \u00e9rdemes \u00f6nmag\u00e1ban kezelni.<\/p>\n\n\n\n<h2 class=\"wp-block-heading\">Megjelen\u00e9s \u00e9s illeszt\u00e9s<\/h2>\n\n\n\n<p class=\"wp-block-paragraph\">A takar\u00f3elemek, az ajt\u00f3oszt\u00e1sok \u00e9s a foganty\u00fak ritmusa hat\u00e1rozza meg, mennyire t\u0171nik a szekr\u00e9ny az \u00e9p\u00fclet r\u00e9sz\u00e9nek. A front sz\u00edn\u00e9t a fal, a padl\u00f3 \u00e9s a t\u00f6bbi b\u00fator mellett \u00e9rdemes kiv\u00e1lasztani. Kis t\u00e9rben a nyugodt fel\u00fcletek \u00e9s a k\u00f6vetkezetes vonalvezet\u00e9s \u00e1ltal\u00e1ban t\u00e1gasabb hat\u00e1st adnak. A bels\u0151 elrendez\u00e9sn\u00e9l mindig a nett\u00f3, val\u00f3ban haszn\u00e1lhat\u00f3 m\u00e9rettel sz\u00e1molj. Ha ezt m\u00e9g a tervez\u00e9s elej\u00e9n tiszt\u00e1zod, kisebb az es\u00e9lye annak, hogy a k\u00e9sz b\u00fator napi kompromisszumot okoz.<\/p>\n\n\n\n<h2 class=\"wp-block-heading\">Gyakori hib\u00e1k, amelyeket \u00e9rdemes elker\u00fclni<\/h2>\n\n\n\n<ul class=\"wp-block-list\">\n<li>A bels\u0151t szimmetrikusra tervezni a ruhat\u00e1r felm\u00e9r\u00e9se n\u00e9lk\u00fcl.<\/li>\n\n\n\n<li>A fi\u00f3kokat olyan helyre tenni, ahol az ajt\u00f3profil akad\u00e1lyozza a nyit\u00e1st.<\/li>\n\n\n\n<li>A fels\u0151 z\u00f3n\u00e1t apr\u00f3, naponta haszn\u00e1lt t\u00e1rgyakkal megt\u00f6lteni.<\/li>\n<\/ul>\n\n\n\n<h2 class=\"wp-block-heading\">Gyors ellen\u0151rz\u0151lista d\u00f6nt\u00e9s el\u0151tt<\/h2>\n\n\n\n<ul class=\"wp-block-list\">\n<li>K\u00e9sz\u00edts t\u00e1rol\u00e1si lelt\u00e1rt a ruh\u00e1kr\u00f3l \u00e9s nagyobb t\u00e1rgyakr\u00f3l.<\/li>\n\n\n\n<li>M\u00e9rd fel a falat, a nyit\u00e1si helyeket \u00e9s a haszn\u00e1lhat\u00f3 belm\u00e9lys\u00e9get.<\/li>\n\n\n\n<li>K\u00e9rj z\u00e1rt \u00e9s nyitott n\u00e9zetet a bels\u0151 elrendez\u00e9sr\u0151l.<\/li>\n\n\n\n<li>A v\u00e9gleges terven pr\u00f3b\u00e1ld v\u00e9gig a napi mozdulatokat.<\/li>\n<\/ul>\n\n\n\n<h2 class=\"wp-block-heading\">\u00d6sszegz\u00e9s<\/h2>\n\n\n\n<p class=\"wp-block-paragraph\">El\u0151sz\u00f6r a t\u00e1roland\u00f3 t\u00e1rgyakat \u00e9s a haszn\u00e1lati gyakoris\u00e1got tervezd meg, \u00e9s csak ezut\u00e1n oszd fel polcokra, fi\u00f3kokra \u00e9s akaszt\u00f3s r\u00e9szekre a rendelkez\u00e9sre \u00e1ll\u00f3 helyet. A tart\u00f3s eredm\u00e9nyhez a k\u00fcls\u0151 megjelen\u00e9st, a m\u0171szaki r\u00e9szleteket \u00e9s a saj\u00e1t haszn\u00e1lati szok\u00e1saidat egy tervben kell \u00f6sszehangolni.<\/p>\n\n\n\n<p class=\"wp-block-paragraph\"><strong>K\u00f6vetkez\u0151 l\u00e9p\u00e9s:<\/strong> Ha szeretn\u00e9l a helyis\u00e9ghez \u00e9s a ruhat\u00e1radhoz pontosan illeszked\u0151 be\u00e9p\u00edtett vagy tol\u00f3ajt\u00f3s szekr\u00e9nyt, k\u00e9rj ingyenes online konzult\u00e1ci\u00f3t a Ferencz B\u00fatort\u00f3l. M\u00e1r az els\u0151 besz\u00e9lget\u00e9sen seg\u00edt\u00fcnk kisz\u0171rni a k\u00e9s\u0151bb k\u00e9nyelmetlens\u00e9get okoz\u00f3 megold\u00e1sokat.<\/p>\n","protected":false},"excerpt":{"rendered":"<p>R\u00f6viden: El\u0151sz\u00f6r a t\u00e1roland\u00f3 t\u00e1rgyakat \u00e9s a haszn\u00e1lati gyakoris\u00e1got tervezd meg, \u00e9s csak ezut\u00e1n oszd fel polcokra, fi\u00f3kokra \u00e9s akaszt\u00f3s r\u00e9szekre a rendelkez\u00e9sre \u00e1ll\u00f3 helyet. A helyis\u00e9g adotts\u00e1gai A szekr\u00e9ny k\u00f6rnyezet\u00e9t eg\u00e9sz\u00e9ben kell n\u00e9zni: ajt\u00f3nyit\u00e1s, k\u00f6zleked\u00e9si \u00fatvonal, konnektor, kapcsol\u00f3, szeg\u00e9lyl\u00e9c, padl\u00f3f\u0171t\u00e9s, radi\u00e1tor \u00e9s mennyezeti kiugr\u00e1s is befoly\u00e1solhatja a kialak\u00edt\u00e1st. F\u00fclk\u00e9be \u00e9p\u00edt\u00e9sn\u00e9l k\u00fcl\u00f6n\u00f6sen fontos t\u00f6bb ponton [&hellip;]<\/p>\n","protected":false},"author":1,"featured_media":0,"comment_status":"open","ping_status":"open","sticky":false,"template":"","format":"standard","meta":{"footnotes":""},"categories":[1],"tags":[],"class_list":["post-624","post","type-post","status-publish","format-standard","hentry","category-uncategorized"],"_links":{"self":[{"href":"https:\/\/ferenczbutor.hu\/index.php\/wp-json\/wp\/v2\/posts\/624","targetHints":{"allow":["GET"]}}],"collection":[{"href":"https:\/\/ferenczbutor.hu\/index.php\/wp-json\/wp\/v2\/posts"}],"about":[{"href":"https:\/\/ferenczbutor.hu\/index.php\/wp-json\/wp\/v2\/types\/post"}],"author":[{"embeddable":true,"href":"https:\/\/ferenczbutor.hu\/index.php\/wp-json\/wp\/v2\/users\/1"}],"replies":[{"embeddable":true,"href":"https:\/\/ferenczbutor.hu\/index.php\/wp-json\/wp\/v2\/comments?post=624"}],"version-history":[{"count":1,"href":"https:\/\/ferenczbutor.hu\/index.php\/wp-json\/wp\/v2\/posts\/624\/revisions"}],"predecessor-version":[{"id":625,"href":"https:\/\/ferenczbutor.hu\/index.php\/wp-json\/wp\/v2\/posts\/624\/revisions\/625"}],"wp:attachment":[{"href":"https:\/\/ferenczbutor.hu\/index.php\/wp-json\/wp\/v2\/media?parent=624"}],"wp:term":[{"taxonomy":"category","embeddable":true,"href":"https:\/\/ferenczbutor.hu\/index.php\/wp-json\/wp\/v2\/categories?post=624"},{"taxonomy":"post_tag","embeddable":true,"href":"https:\/\/ferenczbutor.hu\/index.php\/wp-json\/wp\/v2\/tags?post=624"}],"curies":[{"name":"wp","href":"https:\/\/api.w.org\/{rel}","templated":true}]}}