{"id":626,"date":"2026-08-21T12:33:38","date_gmt":"2026-08-21T12:33:38","guid":{"rendered":"https:\/\/ferenczbutor.hu\/?p=626"},"modified":"2026-08-21T12:33:39","modified_gmt":"2026-08-21T12:33:39","slug":"toloajtos-szekreny-kisokos-a-tervezestol-a-beepitesig","status":"publish","type":"post","link":"https:\/\/ferenczbutor.hu\/index.php\/2026\/08\/21\/toloajtos-szekreny-kisokos-a-tervezestol-a-beepitesig\/","title":{"rendered":"Tol\u00f3ajt\u00f3s szekr\u00e9ny kisokos: a tervez\u00e9st\u0151l a be\u00e9p\u00edt\u00e9sig"},"content":{"rendered":"\n<p class=\"wp-block-paragraph\"><strong>R\u00f6viden:<\/strong> A tol\u00f3ajt\u00f3 el\u0151tti helyig\u00e9ny kicsi, a szerkezet azonban elvesz valamennyit a hasznos bels\u0151 m\u00e9lys\u00e9gb\u0151l, \u00e9s egyszerre csak egy szekr\u00e9nyr\u00e9szhez enged hozz\u00e1f\u00e9r\u00e9st.<\/p>\n\n\n\n<h2 class=\"wp-block-heading\">Mikor el\u0151ny\u00f6s a tol\u00f3ajt\u00f3?<\/h2>\n\n\n\n<p class=\"wp-block-paragraph\">Sz\u0171k h\u00e1l\u00f3ban, k\u00f6zleked\u0151ben vagy az \u00e1gy k\u00f6zel\u00e9ben nem kell helyet hagyni az ajt\u00f3sz\u00e1rny nyit\u00e1si \u00edv\u00e9nek. A nagy, \u00f6sszef\u00fcgg\u0151 frontfel\u00fclet nyugodt \u00e9s rendezett l\u00e1tv\u00e1nyt ad. K\u00fcl\u00f6n\u00f6sen el\u0151ny\u00f6s lehet falt\u00f3l falig kialak\u00edt\u00e1sn\u00e1l, ahol a b\u00fator szinte egy s\u00edk falk\u00e9nt jelenik meg. A d\u00f6nt\u00e9st a ruhat\u00e1rad mennyis\u00e9ge \u00e9s a szekr\u00e9ny t\u00e9nyleges nyit\u00e1si helyzete alapj\u00e1n ellen\u0151rizd. Ha ezt m\u00e9g a tervez\u00e9s elej\u00e9n tiszt\u00e1zod, kisebb az es\u00e9lye annak, hogy a k\u00e9sz b\u00fator napi kompromisszumot okoz.<\/p>\n\n\n\n<h2 class=\"wp-block-heading\">Ajt\u00f3sz\u00e1m \u00e9s nyit\u00e1si logika<\/h2>\n\n\n\n<p class=\"wp-block-paragraph\">A sz\u00e9les szekr\u00e9nyt t\u00f6bb ajt\u00f3mez\u0151re kell osztani, \u00e9s el\u0151re \u00e1t kell gondolni, mely z\u00f3n\u00e1k ny\u00edlnak meg egy\u00fctt. A bels\u0151 fi\u00f3kok, kosarak \u00e9s kih\u00fazhat\u00f3 akaszt\u00f3k csak akkor haszn\u00e1lhat\u00f3k akad\u00e1lytalanul, ha a nyitott ajt\u00f3 elegend\u0151 szabad keresztmetszetet hagy. A bels\u0151 f\u00fcgg\u0151leges oszt\u00e1soknak ez\u00e9rt c\u00e9lszer\u0171 k\u00f6vetni\u00fck az ajt\u00f3k ritmus\u00e1t. A bels\u0151 elrendez\u00e9sn\u00e9l mindig a nett\u00f3, val\u00f3ban haszn\u00e1lhat\u00f3 m\u00e9rettel sz\u00e1molj. A r\u00e9szletet \u00e9rdemes nemcsak rajzon, hanem a haszn\u00e1l\u00f3 mozdulataival \u00e9s a k\u00f6rnyez\u0151 t\u00e1rgyakkal egy\u00fctt elk\u00e9pzelni.<\/p>\n\n\n\n<h2 class=\"wp-block-heading\">S\u00ednrendszer \u00e9s vasalat<\/h2>\n\n\n\n<p class=\"wp-block-paragraph\">A mindennapi komfortot nagyr\u00e9szt a fut\u00f3m\u0171, a s\u00edn pontoss\u00e1ga \u00e9s a csillap\u00edt\u00e1s hat\u00e1rozza meg. A nagy \u00e9s neh\u00e9z ajt\u00f3khoz megfelel\u0151 teherb\u00edr\u00e1s\u00fa rendszer sz\u00fcks\u00e9ges. A j\u00f3 szerkezet k\u00f6nnyen fut, nem billeg, \u00e9s finoman \u00e9rkezik a v\u00e9g\u00e1ll\u00e1sba, de ehhez pontos gy\u00e1rt\u00e1sra \u00e9s be\u00e1ll\u00edt\u00e1sra is sz\u00fcks\u00e9g van. Egy nyitott bels\u0151 n\u00e9zeten gyorsan kider\u00fcl, hogy a megold\u00e1s a napi rutinban is m\u0171k\u00f6dik-e. A j\u00f3 megold\u00e1s itt nem felt\u00e9tlen\u00fcl a legbonyolultabb, hanem az, amely hossz\u00fa t\u00e1von is egyszer\u0171en haszn\u00e1lhat\u00f3.<\/p>\n\n\n\n<h2 class=\"wp-block-heading\">Frontok: b\u00fatorlap, t\u00fck\u00f6r vagy \u00fcveg<\/h2>\n\n\n\n<p class=\"wp-block-paragraph\">A b\u00fatorlap visszafogott, sokf\u00e9le sz\u00ednben el\u00e9rhet\u0151; a t\u00fck\u00f6r praktikus \u00e9s optikailag t\u00e1g\u00edthat; az \u00fcveg vagy alum\u00edniumkeretes megold\u00e1s k\u00f6nnyedebb, pr\u00e9mium karaktert adhat. A front v\u00e1laszt\u00e1s\u00e1n\u00e1l nemcsak a st\u00edlust, hanem a s\u00falyt, a tiszt\u00edthat\u00f3s\u00e1got \u00e9s a helyis\u00e9g f\u00e9nyviszonyait is figyelembe kell venni. A ritk\u00e1n \u00e9s a naponta haszn\u00e1lt holmik k\u00fcl\u00f6nv\u00e1laszt\u00e1sa seg\u00edt elker\u00fclni a felesleges t\u00faltervez\u00e9st. M\u00e1r n\u00e9h\u00e1ny perc c\u00e9lzott ellen\u0151rz\u00e9s is seg\u00edt elv\u00e1lasztani a l\u00e1tv\u00e1nyos \u00f6tletet a val\u00f3ban praktikus megold\u00e1st\u00f3l.<\/p>\n\n\n\n<h2 class=\"wp-block-heading\">Bels\u0151 m\u00e9lys\u00e9g \u00e9s szerkezeti helyig\u00e9ny<\/h2>\n\n\n\n<p class=\"wp-block-paragraph\">A tol\u00f3ajt\u00f3s rendszernek saj\u00e1t szerkezeti m\u00e9lys\u00e9ge van, ez\u00e9rt ugyanazon k\u00fcls\u0151 m\u00e9retn\u00e9l kevesebb bels\u0151 hely maradhat, mint ny\u00edl\u00f3ajt\u00f3s v\u00e1ltozatn\u00e1l. V\u00e1llf\u00e1s ruh\u00e1khoz a haszn\u00e1lhat\u00f3 belm\u00e9retet kell ellen\u0151rizni, nem puszt\u00e1n a szekr\u00e9ny teljes m\u00e9lys\u00e9g\u00e9t. Sz\u0171k f\u00fclk\u00e9n\u00e9l ez d\u00f6nt\u0151 szempont lehet. A d\u00f6nt\u00e9st a ruhat\u00e1rad mennyis\u00e9ge \u00e9s a szekr\u00e9ny t\u00e9nyleges nyit\u00e1si helyzete alapj\u00e1n ellen\u0151rizd. A m\u00e9ret, a szerkezet \u00e9s a haszn\u00e1lati szok\u00e1s egy\u00fctt ad biztos v\u00e1laszt, ez\u00e9rt egyik szempontot sem \u00e9rdemes \u00f6nmag\u00e1ban kezelni.<\/p>\n\n\n\n<h2 class=\"wp-block-heading\">Be\u00e9p\u00edt\u00e9s \u00e9s karbantart\u00e1s<\/h2>\n\n\n\n<p class=\"wp-block-paragraph\">A s\u00edn alatti fel\u00fcletnek s\u00edknak \u00e9s stabilnak kell lennie. Be\u00e9p\u00edt\u00e9s ut\u00e1n a s\u00edneket \u00e9rdemes tiszt\u00e1n tartani, mert a por \u00e9s az apr\u00f3 szennyez\u0151d\u00e9s id\u0151vel rontja a fut\u00e1st. Ha az ajt\u00f3 nehezebben mozog vagy el\u00e1ll, a rendszer er\u0151ltet\u00e9se helyett c\u00e9lszer\u0171 be\u00e1ll\u00edt\u00e1st k\u00e9rni. A bels\u0151 elrendez\u00e9sn\u00e9l mindig a nett\u00f3, val\u00f3ban haszn\u00e1lhat\u00f3 m\u00e9rettel sz\u00e1molj. Ha ezt m\u00e9g a tervez\u00e9s elej\u00e9n tiszt\u00e1zod, kisebb az es\u00e9lye annak, hogy a k\u00e9sz b\u00fator napi kompromisszumot okoz.<\/p>\n\n\n\n<h2 class=\"wp-block-heading\">Gyakori hib\u00e1k, amelyeket \u00e9rdemes elker\u00fclni<\/h2>\n\n\n\n<ul class=\"wp-block-list\">\n<li>A bels\u0151 fi\u00f3kokat az ajt\u00f3k nyit\u00e1si helyzet\u00e9nek ellen\u0151rz\u00e9se n\u00e9lk\u00fcl elhelyezni.<\/li>\n\n\n\n<li>Csak a k\u00fcls\u0151 m\u00e9lys\u00e9ggel sz\u00e1molni, a s\u00ednrendszer helyig\u00e9ny\u00e9t kihagyni.<\/li>\n\n\n\n<li>A legnagyobb ajt\u00f3fel\u00fcletet v\u00e1lasztani a vasalat teherb\u00edr\u00e1s\u00e1nak m\u00e9rlegel\u00e9se n\u00e9lk\u00fcl.<\/li>\n<\/ul>\n\n\n\n<h2 class=\"wp-block-heading\">Gyors ellen\u0151rz\u0151lista d\u00f6nt\u00e9s el\u0151tt<\/h2>\n\n\n\n<ul class=\"wp-block-list\">\n<li>K\u00e9sz\u00edts t\u00e1rol\u00e1si lelt\u00e1rt a ruh\u00e1kr\u00f3l \u00e9s nagyobb t\u00e1rgyakr\u00f3l.<\/li>\n\n\n\n<li>M\u00e9rd fel a falat, a nyit\u00e1si helyeket \u00e9s a haszn\u00e1lhat\u00f3 belm\u00e9lys\u00e9get.<\/li>\n\n\n\n<li>K\u00e9rj z\u00e1rt \u00e9s nyitott n\u00e9zetet a bels\u0151 elrendez\u00e9sr\u0151l.<\/li>\n\n\n\n<li>A v\u00e9gleges terven pr\u00f3b\u00e1ld v\u00e9gig a napi mozdulatokat.<\/li>\n<\/ul>\n\n\n\n<h2 class=\"wp-block-heading\">\u00d6sszegz\u00e9s<\/h2>\n\n\n\n<p class=\"wp-block-paragraph\">A tol\u00f3ajt\u00f3 el\u0151tti helyig\u00e9ny kicsi, a szerkezet azonban elvesz valamennyit a hasznos bels\u0151 m\u00e9lys\u00e9gb\u0151l, \u00e9s egyszerre csak egy szekr\u00e9nyr\u00e9szhez enged hozz\u00e1f\u00e9r\u00e9st. A tart\u00f3s eredm\u00e9nyhez a k\u00fcls\u0151 megjelen\u00e9st, a m\u0171szaki r\u00e9szleteket \u00e9s a saj\u00e1t haszn\u00e1lati szok\u00e1saidat egy tervben kell \u00f6sszehangolni.<\/p>\n\n\n\n<p class=\"wp-block-paragraph\"><strong>K\u00f6vetkez\u0151 l\u00e9p\u00e9s:<\/strong> Ha szeretn\u00e9l a helyis\u00e9ghez \u00e9s a ruhat\u00e1radhoz pontosan illeszked\u0151 be\u00e9p\u00edtett vagy tol\u00f3ajt\u00f3s szekr\u00e9nyt, k\u00e9rj ingyenes online konzult\u00e1ci\u00f3t a Ferencz B\u00fatort\u00f3l. M\u00e1r az els\u0151 besz\u00e9lget\u00e9sen seg\u00edt\u00fcnk kisz\u0171rni a k\u00e9s\u0151bb k\u00e9nyelmetlens\u00e9get okoz\u00f3 megold\u00e1sokat.<\/p>\n","protected":false},"excerpt":{"rendered":"<p>R\u00f6viden: A tol\u00f3ajt\u00f3 el\u0151tti helyig\u00e9ny kicsi, a szerkezet azonban elvesz valamennyit a hasznos bels\u0151 m\u00e9lys\u00e9gb\u0151l, \u00e9s egyszerre csak egy szekr\u00e9nyr\u00e9szhez enged hozz\u00e1f\u00e9r\u00e9st. Mikor el\u0151ny\u00f6s a tol\u00f3ajt\u00f3? Sz\u0171k h\u00e1l\u00f3ban, k\u00f6zleked\u0151ben vagy az \u00e1gy k\u00f6zel\u00e9ben nem kell helyet hagyni az ajt\u00f3sz\u00e1rny nyit\u00e1si \u00edv\u00e9nek. A nagy, \u00f6sszef\u00fcgg\u0151 frontfel\u00fclet nyugodt \u00e9s rendezett l\u00e1tv\u00e1nyt ad. K\u00fcl\u00f6n\u00f6sen el\u0151ny\u00f6s lehet falt\u00f3l falig [&hellip;]<\/p>\n","protected":false},"author":1,"featured_media":0,"comment_status":"open","ping_status":"open","sticky":false,"template":"","format":"standard","meta":{"footnotes":""},"categories":[1],"tags":[],"class_list":["post-626","post","type-post","status-publish","format-standard","hentry","category-uncategorized"],"_links":{"self":[{"href":"https:\/\/ferenczbutor.hu\/index.php\/wp-json\/wp\/v2\/posts\/626","targetHints":{"allow":["GET"]}}],"collection":[{"href":"https:\/\/ferenczbutor.hu\/index.php\/wp-json\/wp\/v2\/posts"}],"about":[{"href":"https:\/\/ferenczbutor.hu\/index.php\/wp-json\/wp\/v2\/types\/post"}],"author":[{"embeddable":true,"href":"https:\/\/ferenczbutor.hu\/index.php\/wp-json\/wp\/v2\/users\/1"}],"replies":[{"embeddable":true,"href":"https:\/\/ferenczbutor.hu\/index.php\/wp-json\/wp\/v2\/comments?post=626"}],"version-history":[{"count":1,"href":"https:\/\/ferenczbutor.hu\/index.php\/wp-json\/wp\/v2\/posts\/626\/revisions"}],"predecessor-version":[{"id":627,"href":"https:\/\/ferenczbutor.hu\/index.php\/wp-json\/wp\/v2\/posts\/626\/revisions\/627"}],"wp:attachment":[{"href":"https:\/\/ferenczbutor.hu\/index.php\/wp-json\/wp\/v2\/media?parent=626"}],"wp:term":[{"taxonomy":"category","embeddable":true,"href":"https:\/\/ferenczbutor.hu\/index.php\/wp-json\/wp\/v2\/categories?post=626"},{"taxonomy":"post_tag","embeddable":true,"href":"https:\/\/ferenczbutor.hu\/index.php\/wp-json\/wp\/v2\/tags?post=626"}],"curies":[{"name":"wp","href":"https:\/\/api.w.org\/{rel}","templated":true}]}}