{"id":628,"date":"2026-08-21T12:34:21","date_gmt":"2026-08-21T12:34:21","guid":{"rendered":"https:\/\/ferenczbutor.hu\/?p=628"},"modified":"2026-08-21T12:34:22","modified_gmt":"2026-08-21T12:34:22","slug":"gardrobszekreny-belso-elrendezese-praktikus-tervezesi-utmutato","status":"publish","type":"post","link":"https:\/\/ferenczbutor.hu\/index.php\/2026\/08\/21\/gardrobszekreny-belso-elrendezese-praktikus-tervezesi-utmutato\/","title":{"rendered":"Gardr\u00f3bszekr\u00e9ny bels\u0151 elrendez\u00e9se: praktikus tervez\u00e9si \u00fatmutat\u00f3"},"content":{"rendered":"\n<p class=\"wp-block-paragraph\"><strong>R\u00f6viden:<\/strong> K\u00e9sz\u00edts t\u00e1rol\u00e1si lelt\u00e1rt, oszd napi \u00e9s szezon\u00e1lis z\u00f3n\u00e1kra a szekr\u00e9nyt, majd a ruhat\u00edpusokhoz v\u00e1lassz polcot, fi\u00f3kot, akaszt\u00f3t vagy kih\u00fazhat\u00f3 kieg\u00e9sz\u00edt\u0151t.<\/p>\n\n\n\n<h2 class=\"wp-block-heading\">Kezdd a ruhat\u00e1r felm\u00e9r\u00e9s\u00e9vel<\/h2>\n\n\n\n<p class=\"wp-block-paragraph\">Sz\u00e1mold meg hozz\u00e1vet\u0151leg a v\u00e1llf\u00e1s ingeket, kab\u00e1tokat, nadr\u00e1gokat, cip\u0151ket \u00e9s a hajtogatott ruhakupacokat. M\u00e9rj meg n\u00e9h\u00e1ny hosszabb darabot, \u00e9s \u00edrd \u00f6ssze a k\u00fcl\u00f6nleges t\u00e1rol\u00e1si ig\u00e9nyeket is, p\u00e9ld\u00e1ul b\u0151r\u00f6nd\u00f6t, vasal\u00f3deszk\u00e1t vagy porsz\u00edv\u00f3t. \u00cdgy a tervez\u00e9s konkr\u00e9t mennyis\u00e9gekre \u00e9p\u00fcl. A d\u00f6nt\u00e9st a ruhat\u00e1rad mennyis\u00e9ge \u00e9s a szekr\u00e9ny t\u00e9nyleges nyit\u00e1si helyzete alapj\u00e1n ellen\u0151rizd. Ha ezt m\u00e9g a tervez\u00e9s elej\u00e9n tiszt\u00e1zod, kisebb az es\u00e9lye annak, hogy a k\u00e9sz b\u00fator napi kompromisszumot okoz.<\/p>\n\n\n\n<h2 class=\"wp-block-heading\">A k\u00e9nyelmes z\u00f3na<\/h2>\n\n\n\n<p class=\"wp-block-paragraph\">A szem- \u00e9s der\u00e9kmagass\u00e1g k\u00f6z\u00f6tti ter\u00fclet a leg\u00e9rt\u00e9kesebb: ide ker\u00fcljenek a naponta haszn\u00e1lt ruh\u00e1k \u00e9s kieg\u00e9sz\u00edt\u0151k. A t\u00fal magas fi\u00f3k \u00e9s a t\u00fal alacsony akaszt\u00f3r\u00fad felesleges hajolgat\u00e1st okoz. A bels\u0151 elemek hely\u00e9t mindig a t\u00e9nyleges haszn\u00e1l\u00f3khoz kell igaz\u00edtani, nem egy \u00e1ltal\u00e1nos rajzhoz. A bels\u0151 elrendez\u00e9sn\u00e9l mindig a nett\u00f3, val\u00f3ban haszn\u00e1lhat\u00f3 m\u00e9rettel sz\u00e1molj. A r\u00e9szletet \u00e9rdemes nemcsak rajzon, hanem a haszn\u00e1l\u00f3 mozdulataival \u00e9s a k\u00f6rnyez\u0151 t\u00e1rgyakkal egy\u00fctt elk\u00e9pzelni.<\/p>\n\n\n\n<h2 class=\"wp-block-heading\">R\u00f6vid \u00e9s hossz\u00fa akaszt\u00e1s<\/h2>\n\n\n\n<p class=\"wp-block-paragraph\">Az ingekhez, zak\u00f3khoz \u00e9s nadr\u00e1gokhoz elegend\u0151 r\u00f6videbb akaszt\u00f3s z\u00f3na; a ruh\u00e1khoz \u00e9s hossz\u00fa kab\u00e1tokhoz k\u00fcl\u00f6n magas r\u00e9sz kell. Ha mindent egyetlen magas mez\u0151be teszel, sok kihaszn\u00e1latlan hely marad a r\u00f6vid ruh\u00e1k alatt. K\u00e9t egym\u00e1s f\u00f6l\u00f6tti r\u00f6vid akaszt\u00f3 sok esetben l\u00e1tv\u00e1nyosan n\u00f6veli a kapacit\u00e1st. Egy nyitott bels\u0151 n\u00e9zeten gyorsan kider\u00fcl, hogy a megold\u00e1s a napi rutinban is m\u0171k\u00f6dik-e. A j\u00f3 megold\u00e1s itt nem felt\u00e9tlen\u00fcl a legbonyolultabb, hanem az, amely hossz\u00fa t\u00e1von is egyszer\u0171en haszn\u00e1lhat\u00f3.<\/p>\n\n\n\n<h2 class=\"wp-block-heading\">Fi\u00f3kok \u00e9s kih\u00fazhat\u00f3 rendszerek<\/h2>\n\n\n\n<p class=\"wp-block-paragraph\">A fi\u00f3kban fel\u00fclr\u0151l \u00e1ttekinthet\u0151 a feh\u00e9rnem\u0171, a p\u00f3l\u00f3 \u00e9s a kisebb kieg\u00e9sz\u00edt\u0151. A nadr\u00e1gtart\u00f3, cip\u0151tart\u00f3, kos\u00e1r vagy \u00e9kszert\u00e1lca akkor hasznos, ha val\u00f3di napi probl\u00e9m\u00e1t old meg. Nem \u00e9rdemes minden el\u00e9rhet\u0151 kieg\u00e9sz\u00edt\u0151t be\u00e9p\u00edteni: a mozg\u00f3 elemek helyet \u00e9s k\u00f6lts\u00e9get is ig\u00e9nyelnek. A ritk\u00e1n \u00e9s a naponta haszn\u00e1lt holmik k\u00fcl\u00f6nv\u00e1laszt\u00e1sa seg\u00edt elker\u00fclni a felesleges t\u00faltervez\u00e9st. M\u00e1r n\u00e9h\u00e1ny perc c\u00e9lzott ellen\u0151rz\u00e9s is seg\u00edt elv\u00e1lasztani a l\u00e1tv\u00e1nyos \u00f6tletet a val\u00f3ban praktikus megold\u00e1st\u00f3l.<\/p>\n\n\n\n<h2 class=\"wp-block-heading\">Szezon\u00e1lis \u00e9s ritka t\u00e1rol\u00e1s<\/h2>\n\n\n\n<p class=\"wp-block-paragraph\">A fels\u0151 polcokra ker\u00fclhetnek a feliratozott dobozok, utaz\u00f3t\u00e1sk\u00e1k \u00e9s az \u00e9ppen nem haszn\u00e1lt \u00e1gynem\u0171k. A dobozm\u00e9reteket m\u00e1r a polcoszt\u00e1s el\u0151tt c\u00e9lszer\u0171 kiv\u00e1lasztani. Az egys\u00e9ges m\u00e9ret\u0171, z\u00e1rt t\u00e1rol\u00f3k rendezettebbek, \u00e9s a magas z\u00f3n\u00e1b\u00f3l is biztons\u00e1gosabban levehet\u0151k. A d\u00f6nt\u00e9st a ruhat\u00e1rad mennyis\u00e9ge \u00e9s a szekr\u00e9ny t\u00e9nyleges nyit\u00e1si helyzete alapj\u00e1n ellen\u0151rizd. A m\u00e9ret, a szerkezet \u00e9s a haszn\u00e1lati szok\u00e1s egy\u00fctt ad biztos v\u00e1laszt, ez\u00e9rt egyik szempontot sem \u00e9rdemes \u00f6nmag\u00e1ban kezelni.<\/p>\n\n\n\n<h2 class=\"wp-block-heading\">K\u00f6z\u00f6s gardr\u00f3b k\u00e9t haszn\u00e1l\u00f3ra<\/h2>\n\n\n\n<p class=\"wp-block-paragraph\">Nem felt\u00e9tlen\u00fcl azonos sz\u00e9less\u00e9g\u0171 k\u00e9t f\u00e9lre van sz\u00fcks\u00e9g. Jobb, ha mindenki a saj\u00e1t ruhat\u00edpusai alapj\u00e1n kap z\u00f3n\u00e1kat, mik\u00f6zben a k\u00f6z\u00f6s t\u00e1rgyaknak k\u00fcl\u00f6n hely k\u00e9sz\u00fcl. A vil\u00e1gos hat\u00e1rok cs\u00f6kkentik a kevered\u00e9st, \u00e9s hossz\u00fa t\u00e1von k\u00f6nnyebben fenntarthat\u00f3v\u00e1 teszik a rendet. A bels\u0151 elrendez\u00e9sn\u00e9l mindig a nett\u00f3, val\u00f3ban haszn\u00e1lhat\u00f3 m\u00e9rettel sz\u00e1molj. Ha ezt m\u00e9g a tervez\u00e9s elej\u00e9n tiszt\u00e1zod, kisebb az es\u00e9lye annak, hogy a k\u00e9sz b\u00fator napi kompromisszumot okoz.<\/p>\n\n\n\n<h2 class=\"wp-block-heading\">Gyakori hib\u00e1k, amelyeket \u00e9rdemes elker\u00fclni<\/h2>\n\n\n\n<ul class=\"wp-block-list\">\n<li>Azonos m\u00e9ret\u0171 polcokat ism\u00e9telni a t\u00e1roland\u00f3 holmik felm\u00e9r\u00e9se n\u00e9lk\u00fcl.<\/li>\n\n\n\n<li>T\u00fal m\u00e9ly polcokra k\u00e9t sorban pakolni a ruh\u00e1kat.<\/li>\n\n\n\n<li>A napi haszn\u00e1lat\u00fa fi\u00f3kokat t\u00e9rdmagass\u00e1g al\u00e1 vagy v\u00e1llmagass\u00e1g f\u00f6l\u00e9 tenni.<\/li>\n<\/ul>\n\n\n\n<h2 class=\"wp-block-heading\">Gyors ellen\u0151rz\u0151lista d\u00f6nt\u00e9s el\u0151tt<\/h2>\n\n\n\n<ul class=\"wp-block-list\">\n<li>K\u00e9sz\u00edts t\u00e1rol\u00e1si lelt\u00e1rt a ruh\u00e1kr\u00f3l \u00e9s nagyobb t\u00e1rgyakr\u00f3l.<\/li>\n\n\n\n<li>M\u00e9rd fel a falat, a nyit\u00e1si helyeket \u00e9s a haszn\u00e1lhat\u00f3 belm\u00e9lys\u00e9get.<\/li>\n\n\n\n<li>K\u00e9rj z\u00e1rt \u00e9s nyitott n\u00e9zetet a bels\u0151 elrendez\u00e9sr\u0151l.<\/li>\n\n\n\n<li>A v\u00e9gleges terven pr\u00f3b\u00e1ld v\u00e9gig a napi mozdulatokat.<\/li>\n<\/ul>\n\n\n\n<h2 class=\"wp-block-heading\">\u00d6sszegz\u00e9s<\/h2>\n\n\n\n<p class=\"wp-block-paragraph\">K\u00e9sz\u00edts t\u00e1rol\u00e1si lelt\u00e1rt, oszd napi \u00e9s szezon\u00e1lis z\u00f3n\u00e1kra a szekr\u00e9nyt, majd a ruhat\u00edpusokhoz v\u00e1lassz polcot, fi\u00f3kot, akaszt\u00f3t vagy kih\u00fazhat\u00f3 kieg\u00e9sz\u00edt\u0151t. A tart\u00f3s eredm\u00e9nyhez a k\u00fcls\u0151 megjelen\u00e9st, a m\u0171szaki r\u00e9szleteket \u00e9s a saj\u00e1t haszn\u00e1lati szok\u00e1saidat egy tervben kell \u00f6sszehangolni.<\/p>\n\n\n\n<p class=\"wp-block-paragraph\"><strong>K\u00f6vetkez\u0151 l\u00e9p\u00e9s:<\/strong> Ha szeretn\u00e9l a helyis\u00e9ghez \u00e9s a ruhat\u00e1radhoz pontosan illeszked\u0151 be\u00e9p\u00edtett vagy tol\u00f3ajt\u00f3s szekr\u00e9nyt, k\u00e9rj ingyenes online konzult\u00e1ci\u00f3t a Ferencz B\u00fatort\u00f3l. M\u00e1r az els\u0151 besz\u00e9lget\u00e9sen seg\u00edt\u00fcnk kisz\u0171rni a k\u00e9s\u0151bb k\u00e9nyelmetlens\u00e9get okoz\u00f3 megold\u00e1sokat.<\/p>\n","protected":false},"excerpt":{"rendered":"<p>R\u00f6viden: K\u00e9sz\u00edts t\u00e1rol\u00e1si lelt\u00e1rt, oszd napi \u00e9s szezon\u00e1lis z\u00f3n\u00e1kra a szekr\u00e9nyt, majd a ruhat\u00edpusokhoz v\u00e1lassz polcot, fi\u00f3kot, akaszt\u00f3t vagy kih\u00fazhat\u00f3 kieg\u00e9sz\u00edt\u0151t. Kezdd a ruhat\u00e1r felm\u00e9r\u00e9s\u00e9vel Sz\u00e1mold meg hozz\u00e1vet\u0151leg a v\u00e1llf\u00e1s ingeket, kab\u00e1tokat, nadr\u00e1gokat, cip\u0151ket \u00e9s a hajtogatott ruhakupacokat. M\u00e9rj meg n\u00e9h\u00e1ny hosszabb darabot, \u00e9s \u00edrd \u00f6ssze a k\u00fcl\u00f6nleges t\u00e1rol\u00e1si ig\u00e9nyeket is, p\u00e9ld\u00e1ul b\u0151r\u00f6nd\u00f6t, vasal\u00f3deszk\u00e1t vagy [&hellip;]<\/p>\n","protected":false},"author":1,"featured_media":0,"comment_status":"open","ping_status":"open","sticky":false,"template":"","format":"standard","meta":{"footnotes":""},"categories":[1],"tags":[],"class_list":["post-628","post","type-post","status-publish","format-standard","hentry","category-uncategorized"],"_links":{"self":[{"href":"https:\/\/ferenczbutor.hu\/index.php\/wp-json\/wp\/v2\/posts\/628","targetHints":{"allow":["GET"]}}],"collection":[{"href":"https:\/\/ferenczbutor.hu\/index.php\/wp-json\/wp\/v2\/posts"}],"about":[{"href":"https:\/\/ferenczbutor.hu\/index.php\/wp-json\/wp\/v2\/types\/post"}],"author":[{"embeddable":true,"href":"https:\/\/ferenczbutor.hu\/index.php\/wp-json\/wp\/v2\/users\/1"}],"replies":[{"embeddable":true,"href":"https:\/\/ferenczbutor.hu\/index.php\/wp-json\/wp\/v2\/comments?post=628"}],"version-history":[{"count":1,"href":"https:\/\/ferenczbutor.hu\/index.php\/wp-json\/wp\/v2\/posts\/628\/revisions"}],"predecessor-version":[{"id":629,"href":"https:\/\/ferenczbutor.hu\/index.php\/wp-json\/wp\/v2\/posts\/628\/revisions\/629"}],"wp:attachment":[{"href":"https:\/\/ferenczbutor.hu\/index.php\/wp-json\/wp\/v2\/media?parent=628"}],"wp:term":[{"taxonomy":"category","embeddable":true,"href":"https:\/\/ferenczbutor.hu\/index.php\/wp-json\/wp\/v2\/categories?post=628"},{"taxonomy":"post_tag","embeddable":true,"href":"https:\/\/ferenczbutor.hu\/index.php\/wp-json\/wp\/v2\/tags?post=628"}],"curies":[{"name":"wp","href":"https:\/\/api.w.org\/{rel}","templated":true}]}}