{"id":630,"date":"2026-08-21T12:35:44","date_gmt":"2026-08-21T12:35:44","guid":{"rendered":"https:\/\/ferenczbutor.hu\/?p=630"},"modified":"2026-08-21T12:35:46","modified_gmt":"2026-08-21T12:35:46","slug":"mennyibe-kerul-egy-egyedi-szekreny-az-arat-alakito-tenyezok","status":"publish","type":"post","link":"https:\/\/ferenczbutor.hu\/index.php\/2026\/08\/21\/mennyibe-kerul-egy-egyedi-szekreny-az-arat-alakito-tenyezok\/","title":{"rendered":"Mennyibe ker\u00fcl egy egyedi szekr\u00e9ny? Az \u00e1rat alak\u00edt\u00f3 t\u00e9nyez\u0151k"},"content":{"rendered":"\n<p class=\"wp-block-paragraph\"><strong>R\u00f6viden:<\/strong> Korrekt \u00f6sszehasonl\u00edt\u00e1st csak azonos m\u00e9ret, azonos anyagok, azonos vasalatok \u00e9s azonos szolg\u00e1ltat\u00e1si tartalom mellett lehet k\u00e9sz\u00edteni.<\/p>\n\n\n\n<h2 class=\"wp-block-heading\">M\u00e9ret \u00e9s tagol\u00e1s<\/h2>\n\n\n\n<p class=\"wp-block-paragraph\">A nagyobb b\u00fator t\u00f6bb alapanyagot ig\u00e9nyel, de az \u00e1r nem mindig ar\u00e1nyosan n\u0151 a n\u00e9gyzetm\u00e9terrel. Sok keskeny elem, fi\u00f3k, takar\u00f3 \u00e9s egyedi csatlakoz\u00e1s t\u00f6bb megmunk\u00e1l\u00e1st \u00e9s szerel\u00e9si id\u0151t jelenthet, mint egy egyszer\u0171bb, nagy fel\u00fclet\u0171 szekr\u00e9ny. A bels\u0151 \u00f6sszetetts\u00e9g ez\u00e9rt legal\u00e1bb olyan fontos, mint a k\u00fcls\u0151 m\u00e9ret. A d\u00f6nt\u00e9seket \u00e9s m\u00f3dos\u00edt\u00e1sokat \u00edr\u00e1sban, minden \u00e9rintett sz\u00e1m\u00e1ra azonos dokumentumban \u00e9rdemes r\u00f6gz\u00edteni. Ha ezt m\u00e9g a tervez\u00e9s elej\u00e9n tiszt\u00e1zod, kisebb az es\u00e9lye annak, hogy a k\u00e9sz b\u00fator napi kompromisszumot okoz.<\/p>\n\n\n\n<h2 class=\"wp-block-heading\">Korpusz \u00e9s front anyaga<\/h2>\n\n\n\n<p class=\"wp-block-paragraph\">A dekor b\u00fatorlap, a festett MDF, a furn\u00e9r, az \u00fcveg, a t\u00fck\u00f6r \u00e9s az alum\u00edniumkeretes front elt\u00e9r\u0151 anyag- \u00e9s megmunk\u00e1l\u00e1si k\u00f6lts\u00e9ggel j\u00e1r. A v\u00e1laszt\u00e1sn\u00e1l a megjelen\u00e9s mellett a haszn\u00e1lati helyet, a tiszt\u00edthat\u00f3s\u00e1got \u00e9s a s\u00e9r\u00fcl\u00e9kenys\u00e9get is \u00e9rt\u00e9kelni kell. A dr\u00e1g\u00e1bb anyag nem minden helyzetben jobb, de bizonyos r\u00e9szletekn\u00e9l tart\u00f3sabb vagy eleg\u00e1nsabb eredm\u00e9nyt adhat. A k\u00f6vetkez\u0151 munkaf\u00e1zis csak akkor induljon, amikor az el\u0151z\u0151 l\u00e9p\u00e9s adatai m\u00e1r ellen\u0151rz\u00f6ttek. A r\u00e9szletet \u00e9rdemes nemcsak rajzon, hanem a haszn\u00e1l\u00f3 mozdulataival \u00e9s a k\u00f6rnyez\u0151 t\u00e1rgyakkal egy\u00fctt elk\u00e9pzelni.<\/p>\n\n\n\n<h2 class=\"wp-block-heading\">Ajt\u00f3rendszer \u00e9s vasalatok<\/h2>\n\n\n\n<p class=\"wp-block-paragraph\">A tol\u00f3ajt\u00f3 s\u00ednrendszere, a csillap\u00edt\u00e1s, a p\u00e1ntok, fi\u00f3ks\u00ednek \u00e9s felny\u00edl\u00f3 vasalatok min\u0151s\u00e9ge jelent\u0151sen befoly\u00e1solja a k\u00f6lts\u00e9get. Ezeket naponta haszn\u00e1lod, ez\u00e9rt \u00e9rdemes nem puszt\u00e1n a m\u00e1rkanevet, hanem a teherb\u00edr\u00e1st, a garanci\u00e1t \u00e9s a be\u00e1ll\u00edthat\u00f3s\u00e1got is n\u00e9zni. A megb\u00edzhat\u00f3 vasalat hosszabb t\u00e1von kevesebb bossz\u00fas\u00e1got okozhat. A pontos m\u0171szaki tartalom t\u00f6bbet \u00e9r, mint egy gyors, de sok felt\u00e9telt nyitva hagy\u00f3 igen. A j\u00f3 megold\u00e1s itt nem felt\u00e9tlen\u00fcl a legbonyolultabb, hanem az, amely hossz\u00fa t\u00e1von is egyszer\u0171en haszn\u00e1lhat\u00f3.<\/p>\n\n\n\n<h2 class=\"wp-block-heading\">Bels\u0151 kieg\u00e9sz\u00edt\u0151k<\/h2>\n\n\n\n<p class=\"wp-block-paragraph\">A hagyom\u00e1nyos polc \u00e9s akaszt\u00f3r\u00fad k\u00f6lts\u00e9ghat\u00e9kony, m\u00edg a kih\u00fazhat\u00f3 nadr\u00e1gtart\u00f3, cip\u0151tart\u00f3, \u00e9kszert\u00e1lca, kos\u00e1r, ruhalift vagy be\u00e9p\u00edtett vil\u00e1g\u00edt\u00e1s n\u00f6veli az \u00e1rat. Ezek k\u00f6z\u00fcl azt \u00e9rdemes v\u00e1lasztani, amelyet val\u00f3ban rendszeresen haszn\u00e1lsz. A j\u00f3l c\u00e9lzott kieg\u00e9sz\u00edt\u0151 t\u00f6bbet \u00e9r, mint sok l\u00e1tv\u00e1nyos, de kihaszn\u00e1latlan szerkezet. Egy r\u00f6vid ellen\u0151rz\u00e9s ezen a ponton gyakran sokkal kevesebbe ker\u00fcl, mint a helysz\u00edni jav\u00edt\u00e1s. M\u00e1r n\u00e9h\u00e1ny perc c\u00e9lzott ellen\u0151rz\u00e9s is seg\u00edt elv\u00e1lasztani a l\u00e1tv\u00e1nyos \u00f6tletet a val\u00f3ban praktikus megold\u00e1st\u00f3l.<\/p>\n\n\n\n<h2 class=\"wp-block-heading\">Helysz\u00edni k\u00f6r\u00fclm\u00e9nyek<\/h2>\n\n\n\n<p class=\"wp-block-paragraph\">Ferde fal, szab\u00e1lytalan f\u00fclke, magas emelet, neh\u00e9z megk\u00f6zel\u00edt\u00e9s, helysz\u00edni szab\u00e1s vagy sok csatlakoz\u00f3 takar\u00e1s t\u00f6bb id\u0151t ig\u00e9nyelhet. A bont\u00e1s, elsz\u00e1ll\u00edt\u00e1s, villanyszerel\u00e9s \u00e9s faljav\u00edt\u00e1s nem minden aj\u00e1nlatban szerepel automatikusan. Ezeket m\u00e9g a megrendel\u00e9s el\u0151tt tiszt\u00e1zni kell. A d\u00f6nt\u00e9seket \u00e9s m\u00f3dos\u00edt\u00e1sokat \u00edr\u00e1sban, minden \u00e9rintett sz\u00e1m\u00e1ra azonos dokumentumban \u00e9rdemes r\u00f6gz\u00edteni. A m\u00e9ret, a szerkezet \u00e9s a haszn\u00e1lati szok\u00e1s egy\u00fctt ad biztos v\u00e1laszt, ez\u00e9rt egyik szempontot sem \u00e9rdemes \u00f6nmag\u00e1ban kezelni.<\/p>\n\n\n\n<h2 class=\"wp-block-heading\">Mit tartalmaz az aj\u00e1nlat?<\/h2>\n\n\n\n<p class=\"wp-block-paragraph\">K\u00e9rdezz r\u00e1 a felm\u00e9r\u00e9sre, tervez\u00e9sre, l\u00e1tv\u00e1nytervre, sz\u00e1ll\u00edt\u00e1sra, be\u00e9p\u00edt\u00e9sre, takar\u00f3elemekre \u00e9s az ut\u00f3lagos be\u00e1ll\u00edt\u00e1sra. Az olcs\u00f3bb aj\u00e1nlatb\u00f3l hi\u00e1nyozhat olyan t\u00e9tel, amelyet k\u00e9s\u0151bb k\u00fcl\u00f6n kell megrendelni. A t\u00e9teles m\u0171szaki tartalom seg\u00edt elker\u00fclni a f\u00e9lre\u00e9rt\u00e9seket \u00e9s a v\u00e1ratlan k\u00f6lts\u00e9geket. A k\u00f6vetkez\u0151 munkaf\u00e1zis csak akkor induljon, amikor az el\u0151z\u0151 l\u00e9p\u00e9s adatai m\u00e1r ellen\u0151rz\u00f6ttek. Ha ezt m\u00e9g a tervez\u00e9s elej\u00e9n tiszt\u00e1zod, kisebb az es\u00e9lye annak, hogy a k\u00e9sz b\u00fator napi kompromisszumot okoz.<\/p>\n\n\n\n<h2 class=\"wp-block-heading\">Gyakori hib\u00e1k, amelyeket \u00e9rdemes elker\u00fclni<\/h2>\n\n\n\n<ul class=\"wp-block-list\">\n<li>Csak foly\u00f3m\u00e9ter vagy n\u00e9gyzetm\u00e9ter alapj\u00e1n becs\u00fclni a v\u00e9g\u00f6sszeget.<\/li>\n\n\n\n<li>Elt\u00e9r\u0151 vasalat\u00fa \u00e9s szolg\u00e1ltat\u00e1startalm\u00fa aj\u00e1nlatokat k\u00f6zvetlen\u00fcl \u00f6sszehasonl\u00edtani.<\/li>\n\n\n\n<li>A kieg\u00e9sz\u00edt\u0151 munk\u00e1kat \u00e9s helysz\u00edni adotts\u00e1gokat kihagyni a k\u00f6lts\u00e9gkeretb\u0151l.<\/li>\n<\/ul>\n\n\n\n<h2 class=\"wp-block-heading\">Gyors ellen\u0151rz\u0151lista d\u00f6nt\u00e9s el\u0151tt<\/h2>\n\n\n\n<ul class=\"wp-block-list\">\n<li>\u00cdrd \u00f6ssze a k\u00f6telez\u0151 \u00e9s v\u00e1laszthat\u00f3 ig\u00e9nyeket.<\/li>\n\n\n\n<li>K\u00e9sz\u00edts fot\u00f3kat \u00e9s alapm\u00e9reteket a helysz\u00ednr\u0151l.<\/li>\n\n\n\n<li>K\u00e9rj t\u00e9teles tervet, aj\u00e1nlatot \u00e9s \u00fctemez\u00e9st.<\/li>\n\n\n\n<li>A gy\u00e1rt\u00e1s el\u0151tt \u00edr\u00e1sban hagyd j\u00f3v\u00e1 a v\u00e9gleges v\u00e1ltozatot.<\/li>\n<\/ul>\n\n\n\n<h2 class=\"wp-block-heading\">\u00d6sszegz\u00e9s<\/h2>\n\n\n\n<p class=\"wp-block-paragraph\">Korrekt \u00f6sszehasonl\u00edt\u00e1st csak azonos m\u00e9ret, azonos anyagok, azonos vasalatok \u00e9s azonos szolg\u00e1ltat\u00e1si tartalom mellett lehet k\u00e9sz\u00edteni. A tart\u00f3s eredm\u00e9nyhez a k\u00fcls\u0151 megjelen\u00e9st, a m\u0171szaki r\u00e9szleteket \u00e9s a saj\u00e1t haszn\u00e1lati szok\u00e1saidat egy tervben kell \u00f6sszehangolni.<\/p>\n\n\n\n<p class=\"wp-block-paragraph\"><strong>K\u00f6vetkez\u0151 l\u00e9p\u00e9s:<\/strong> Ha szeretn\u00e9d \u00e1tl\u00e1that\u00f3an v\u00e9gigvinni az egyedi b\u00fator tervez\u00e9s\u00e9t a felm\u00e9r\u00e9st\u0151l a be\u00e9p\u00edt\u00e9sig, k\u00e9rj online konzult\u00e1ci\u00f3t a Ferencz B\u00fatort\u00f3l. Egy r\u00f6vid egyeztet\u00e9s ut\u00e1n pontosabban l\u00e1that\u00f3, milyen megold\u00e1s illik a t\u00e9rhez \u00e9s a kerethez.<\/p>\n","protected":false},"excerpt":{"rendered":"<p>R\u00f6viden: Korrekt \u00f6sszehasonl\u00edt\u00e1st csak azonos m\u00e9ret, azonos anyagok, azonos vasalatok \u00e9s azonos szolg\u00e1ltat\u00e1si tartalom mellett lehet k\u00e9sz\u00edteni. M\u00e9ret \u00e9s tagol\u00e1s A nagyobb b\u00fator t\u00f6bb alapanyagot ig\u00e9nyel, de az \u00e1r nem mindig ar\u00e1nyosan n\u0151 a n\u00e9gyzetm\u00e9terrel. Sok keskeny elem, fi\u00f3k, takar\u00f3 \u00e9s egyedi csatlakoz\u00e1s t\u00f6bb megmunk\u00e1l\u00e1st \u00e9s szerel\u00e9si id\u0151t jelenthet, mint egy egyszer\u0171bb, nagy fel\u00fclet\u0171 szekr\u00e9ny. [&hellip;]<\/p>\n","protected":false},"author":1,"featured_media":0,"comment_status":"open","ping_status":"open","sticky":false,"template":"","format":"standard","meta":{"footnotes":""},"categories":[1],"tags":[],"class_list":["post-630","post","type-post","status-publish","format-standard","hentry","category-uncategorized"],"_links":{"self":[{"href":"https:\/\/ferenczbutor.hu\/index.php\/wp-json\/wp\/v2\/posts\/630","targetHints":{"allow":["GET"]}}],"collection":[{"href":"https:\/\/ferenczbutor.hu\/index.php\/wp-json\/wp\/v2\/posts"}],"about":[{"href":"https:\/\/ferenczbutor.hu\/index.php\/wp-json\/wp\/v2\/types\/post"}],"author":[{"embeddable":true,"href":"https:\/\/ferenczbutor.hu\/index.php\/wp-json\/wp\/v2\/users\/1"}],"replies":[{"embeddable":true,"href":"https:\/\/ferenczbutor.hu\/index.php\/wp-json\/wp\/v2\/comments?post=630"}],"version-history":[{"count":1,"href":"https:\/\/ferenczbutor.hu\/index.php\/wp-json\/wp\/v2\/posts\/630\/revisions"}],"predecessor-version":[{"id":631,"href":"https:\/\/ferenczbutor.hu\/index.php\/wp-json\/wp\/v2\/posts\/630\/revisions\/631"}],"wp:attachment":[{"href":"https:\/\/ferenczbutor.hu\/index.php\/wp-json\/wp\/v2\/media?parent=630"}],"wp:term":[{"taxonomy":"category","embeddable":true,"href":"https:\/\/ferenczbutor.hu\/index.php\/wp-json\/wp\/v2\/categories?post=630"},{"taxonomy":"post_tag","embeddable":true,"href":"https:\/\/ferenczbutor.hu\/index.php\/wp-json\/wp\/v2\/tags?post=630"}],"curies":[{"name":"wp","href":"https:\/\/api.w.org\/{rel}","templated":true}]}}