{"id":632,"date":"2026-08-21T12:36:31","date_gmt":"2026-08-21T12:36:31","guid":{"rendered":"https:\/\/ferenczbutor.hu\/?p=632"},"modified":"2026-08-21T12:47:18","modified_gmt":"2026-08-21T12:47:18","slug":"egyedi-konyhabutor-tervezese-10-dontes-a-jo-vegeredmenyhez","status":"publish","type":"post","link":"https:\/\/ferenczbutor.hu\/index.php\/2026\/08\/21\/egyedi-konyhabutor-tervezese-10-dontes-a-jo-vegeredmenyhez\/","title":{"rendered":"Egyedi konyhab\u00fator tervez\u00e9se: 10 d\u00f6nt\u00e9s a j\u00f3 v\u00e9geredm\u00e9nyhez"},"content":{"rendered":"\n<p class=\"wp-block-paragraph\"><strong>R\u00f6viden:<\/strong> A b\u00fatortervet a g\u00e9p\u00e9szeti ki\u00e1ll\u00e1sok \u00e9s a burkol\u00e1s v\u00e9gleges\u00edt\u00e9se el\u0151tt \u00e9rdemes elk\u00e9sz\u00edteni, \u00edgy a helyis\u00e9g alkalmazkodhat a j\u00f3 elrendez\u00e9shez.<\/p>\n\n\n\n<h2 class=\"wp-block-heading\">1. Munkafolyamat \u00e9s z\u00f3n\u00e1k<\/h2>\n\n\n\n<p class=\"wp-block-paragraph\">Gondold v\u00e9gig az \u00e9lelmiszer el\u0151v\u00e9tel\u00e9nek, mos\u00e1s\u00e1nak, el\u0151k\u00e9sz\u00edt\u00e9s\u00e9nek, f\u0151z\u00e9s\u00e9nek \u00e9s t\u00e1lal\u00e1s\u00e1nak sorrendj\u00e9t. A gyakran egy\u00fctt haszn\u00e1lt funkci\u00f3k ker\u00fcljenek k\u00f6zel egym\u00e1shoz, mik\u00f6zben maradjon elegend\u0151 \u00f6sszef\u00fcgg\u0151 munkafel\u00fclet. A c\u00e9l nem egy tank\u00f6nyvi forma k\u00f6vet\u00e9se, hanem a felesleges l\u00e9p\u00e9sek \u00e9s keresztez\u0151 mozdulatok cs\u00f6kkent\u00e9se. Ezt a d\u00f6nt\u00e9st a munkafolyamat, a pontos g\u00e9padatok \u00e9s a nyit\u00e1si helyek egy\u00fcttese alapj\u00e1n kell v\u00e9gleges\u00edteni. Ha ezt m\u00e9g a tervez\u00e9s elej\u00e9n tiszt\u00e1zod, kisebb az es\u00e9lye annak, hogy a k\u00e9sz b\u00fator napi kompromisszumot okoz.<\/p>\n\n\n\n<h2 class=\"wp-block-heading\">2. G\u00e9p\u00e9szeti ki\u00e1ll\u00e1sok<\/h2>\n\n\n\n<p class=\"wp-block-paragraph\">A v\u00edz, lefoly\u00f3, elektromos csatlakoz\u00e1sok, elsz\u00edv\u00e1s \u00e9s vil\u00e1g\u00edt\u00e1s hely\u00e9t a j\u00f3v\u00e1hagyott b\u00fatortervhez c\u00e9lszer\u0171 igaz\u00edtani. Ha ezek m\u00e1r v\u00e9glegesek, a b\u00fator sokszor csak kompromisszumokkal tervezhet\u0151 k\u00f6r\u00e9j\u00fck. A nagy teljes\u00edtm\u00e9ny\u0171 g\u00e9pek csatlakoz\u00e1s\u00e1t minden esetben megfelel\u0151 szakemberrel kell egyeztetni. A tervet mindig nyitott ajt\u00f3kkal \u00e9s fi\u00f3kokkal is \u00e9rdemes ellen\u0151rizni, nem csak z\u00e1rt frontn\u00e9zetben. A r\u00e9szletet \u00e9rdemes nemcsak rajzon, hanem a haszn\u00e1l\u00f3 mozdulataival \u00e9s a k\u00f6rnyez\u0151 t\u00e1rgyakkal egy\u00fctt elk\u00e9pzelni.<\/p>\n\n\n\n<h2 class=\"wp-block-heading\">3. Be\u00e9p\u00edthet\u0151 g\u00e9pek<\/h2>\n\n\n\n<p class=\"wp-block-paragraph\">A pontos t\u00edpusok \u00e9s gy\u00e1rt\u00f3i be\u00e9p\u00edt\u00e9si rajzok hat\u00e1rozz\u00e1k meg a sz\u00fcks\u00e9ges ny\u00edl\u00e1sokat, szell\u0151z\u00e9st \u00e9s csatlakoz\u00e1st. K\u00fcl\u00f6n\u00f6sen fontos a h\u0171t\u0151, a s\u00fct\u0151, a f\u0151z\u0151lap, a mosogat\u00f3g\u00e9p \u00e9s az elsz\u00edv\u00f3 adatlapja. A g\u00e9pet nem \u00e9rdemes puszt\u00e1n n\u00e9vleges sz\u00e9less\u00e9g alapj\u00e1n elhelyezni. A k\u00e9nyelmet az mutatja meg, hogy f\u0151z\u00e9s k\u00f6zben h\u00e1ny felesleges l\u00e9p\u00e9st \u00e9s ker\u00fcl\u0151 mozdulatot kell tenned. A j\u00f3 megold\u00e1s itt nem felt\u00e9tlen\u00fcl a legbonyolultabb, hanem az, amely hossz\u00fa t\u00e1von is egyszer\u0171en haszn\u00e1lhat\u00f3.<\/p>\n\n\n\n<h2 class=\"wp-block-heading\">4. Munkapult \u00e9s munkamagass\u00e1g<\/h2>\n\n\n\n<p class=\"wp-block-paragraph\">A k\u00e9nyelmes magass\u00e1g f\u00fcgg a haszn\u00e1l\u00f3 testmagass\u00e1g\u00e1t\u00f3l, a l\u00e1bazatt\u00f3l, a korpuszt\u00f3l \u00e9s a munkalap vastags\u00e1g\u00e1t\u00f3l. A mosogat\u00f3, a f\u0151z\u0151lap \u00e9s a kisg\u00e9pek k\u00f6r\u00fcl megfelel\u0151 pultszakaszokra van sz\u00fcks\u00e9g. A t\u00fal sok magas elem vagy megszak\u00edt\u00e1s feldarabolhatja a hasznos munkafel\u00fcletet. A g\u00e9p\u00e9szeti \u00e9s elektromos felt\u00e9teleket m\u00e9g a gy\u00e1rt\u00e1s el\u0151tt szakemberrel is egyeztesd. M\u00e1r n\u00e9h\u00e1ny perc c\u00e9lzott ellen\u0151rz\u00e9s is seg\u00edt elv\u00e1lasztani a l\u00e1tv\u00e1nyos \u00f6tletet a val\u00f3ban praktikus megold\u00e1st\u00f3l.<\/p>\n\n\n\n<h2 class=\"wp-block-heading\">5. Als\u00f3 t\u00e1rol\u00e1s<\/h2>\n\n\n\n<p class=\"wp-block-paragraph\">A teljesen kih\u00fazhat\u00f3 fi\u00f3k gyakran jobban \u00e1ttekinthet\u0151, mint a m\u00e9ly, polcos als\u00f3szekr\u00e9ny. A neh\u00e9z ed\u00e9nyekhez megfelel\u0151 teherb\u00edr\u00e1s\u00fa s\u00edn kell, a bels\u0151 oszt\u00f3k pedig seg\u00edtenek rendben tartani az eszk\u00f6z\u00f6ket. Nem mindenhov\u00e1 sz\u00fcks\u00e9ges fi\u00f3k, de a leggyakrabban haszn\u00e1lt z\u00f3n\u00e1kban sok hajolgat\u00e1st megtakar\u00edthat. Ezt a d\u00f6nt\u00e9st a munkafolyamat, a pontos g\u00e9padatok \u00e9s a nyit\u00e1si helyek egy\u00fcttese alapj\u00e1n kell v\u00e9gleges\u00edteni. A m\u00e9ret, a szerkezet \u00e9s a haszn\u00e1lati szok\u00e1s egy\u00fctt ad biztos v\u00e1laszt, ez\u00e9rt egyik szempontot sem \u00e9rdemes \u00f6nmag\u00e1ban kezelni.<\/p>\n\n\n\n<h2 class=\"wp-block-heading\">6. Fels\u0151 szekr\u00e9nyek<\/h2>\n\n\n\n<p class=\"wp-block-paragraph\">A magass\u00e1got \u00e9s m\u00e9lys\u00e9get \u00fagy kell meghat\u00e1rozni, hogy a munkapult haszn\u00e1lhat\u00f3 maradjon, a fej ne \u00fctk\u00f6zz\u00f6n a frontba, \u00e9s a napi polcok el\u00e9rhet\u0151k legyenek. Mennyezetig \u00e9p\u00edt\u00e9sn\u00e9l t\u00f6bb t\u00e1rol\u00f3hely \u00e9s egys\u00e9gesebb l\u00e1tv\u00e1ny nyerhet\u0151, a legfels\u0151 polcok azonban jellemz\u0151en ritka haszn\u00e1latra val\u00f3k. A tervet mindig nyitott ajt\u00f3kkal \u00e9s fi\u00f3kokkal is \u00e9rdemes ellen\u0151rizni, nem csak z\u00e1rt frontn\u00e9zetben. Ha ezt m\u00e9g a tervez\u00e9s elej\u00e9n tiszt\u00e1zod, kisebb az es\u00e9lye annak, hogy a k\u00e9sz b\u00fator napi kompromisszumot okoz.<\/p>\n\n\n\n<h2 class=\"wp-block-heading\">7. Anyagok<\/h2>\n\n\n\n<p class=\"wp-block-paragraph\">A front, a korpusz, a munkalap, a falburkolat \u00e9s a foganty\u00fa egy\u00fctt alkot rendszert. Mint\u00e1kat \u00e9rdemes egym\u00e1s mellett, a lak\u00e1s f\u00e9ny\u00e9ben vizsg\u00e1lni. A v\u00edznek, h\u0151nek \u00e9s er\u0151s tiszt\u00edt\u00e1snak kitett fel\u00fcletekn\u00e9l a karbantarthat\u00f3s\u00e1g legal\u00e1bb olyan fontos, mint a sz\u00edn. A k\u00e9nyelmet az mutatja meg, hogy f\u0151z\u00e9s k\u00f6zben h\u00e1ny felesleges l\u00e9p\u00e9st \u00e9s ker\u00fcl\u0151 mozdulatot kell tenned. A r\u00e9szletet \u00e9rdemes nemcsak rajzon, hanem a haszn\u00e1l\u00f3 mozdulataival \u00e9s a k\u00f6rnyez\u0151 t\u00e1rgyakkal egy\u00fctt elk\u00e9pzelni.<\/p>\n\n\n\n<h2 class=\"wp-block-heading\">8. Vil\u00e1g\u00edt\u00e1s<\/h2>\n\n\n\n<p class=\"wp-block-paragraph\">Az \u00e1ltal\u00e1nos mennyezeti f\u00e9ny sokszor a haszn\u00e1l\u00f3 m\u00f6g\u00fcl \u00e9rkezik, ez\u00e9rt \u00e1rny\u00e9kot vet a munkapultra. A fels\u0151 elemek alatti egyenletes munkaf\u00e9ny praktikusabb\u00e1 \u00e9s biztons\u00e1gosabb\u00e1 teszi az el\u0151k\u00e9sz\u00edt\u00e9st. A t\u00e1pegys\u00e9gnek \u00e9s kapcsol\u00e1snak m\u00e1r a tervben legyen hozz\u00e1f\u00e9rhet\u0151 helye. A g\u00e9p\u00e9szeti \u00e9s elektromos felt\u00e9teleket m\u00e9g a gy\u00e1rt\u00e1s el\u0151tt szakemberrel is egyeztesd. A j\u00f3 megold\u00e1s itt nem felt\u00e9tlen\u00fcl a legbonyolultabb, hanem az, amely hossz\u00fa t\u00e1von is egyszer\u0171en haszn\u00e1lhat\u00f3.<\/p>\n\n\n\n<h2 class=\"wp-block-heading\">9. Hullad\u00e9k \u00e9s tiszt\u00edt\u00f3szerek<\/h2>\n\n\n\n<p class=\"wp-block-paragraph\">A szelekt\u00edv hullad\u00e9k, a tiszt\u00edt\u00f3szerek, a t\u00f6rl\u0151kend\u0151k \u00e9s a mosogat\u00f3g\u00e9p-tablett\u00e1k hely\u00e9t el\u0151re \u00e9rdemes kijel\u00f6lni. A mosogat\u00f3 alatti t\u00e9rben a medence \u00e9s a lefoly\u00f3 cs\u00f6kkenti a haszn\u00e1lhat\u00f3 helyet, ez\u00e9rt ide c\u00e9lzott, m\u00e9retre ill\u0151 rendszer sz\u00fcks\u00e9ges. Ezt a d\u00f6nt\u00e9st a munkafolyamat, a pontos g\u00e9padatok \u00e9s a nyit\u00e1si helyek egy\u00fcttese alapj\u00e1n kell v\u00e9gleges\u00edteni. M\u00e1r n\u00e9h\u00e1ny perc c\u00e9lzott ellen\u0151rz\u00e9s is seg\u00edt elv\u00e1lasztani a l\u00e1tv\u00e1nyos \u00f6tletet a val\u00f3ban praktikus megold\u00e1st\u00f3l.<\/p>\n\n\n\n<h2 class=\"wp-block-heading\">10. L\u00e1tv\u00e1ny \u00e9s hossz\u00fa t\u00e1v<\/h2>\n\n\n\n<p class=\"wp-block-paragraph\">A trendek gyorsan v\u00e1ltoznak, a konyha viszont hossz\u00fa \u00e9vekre k\u00e9sz\u00fcl. A nagy fel\u00fcletekn\u00e9l id\u0151t\u00e1ll\u00f3 alapok, a k\u00f6nnyebben cser\u00e9lhet\u0151 r\u00e9szletekn\u00e9l karakteresebb v\u00e1laszt\u00e1sok adhatnak biztons\u00e1gos egyens\u00falyt. A fot\u00f3realisztikus l\u00e1tv\u00e1nyterv seg\u00edt ellen\u0151rizni az ar\u00e1nyokat m\u00e9g a gy\u00e1rt\u00e1s el\u0151tt. A tervet mindig nyitott ajt\u00f3kkal \u00e9s fi\u00f3kokkal is \u00e9rdemes ellen\u0151rizni, nem csak z\u00e1rt frontn\u00e9zetben. A m\u00e9ret, a szerkezet \u00e9s a haszn\u00e1lati szok\u00e1s egy\u00fctt ad biztos v\u00e1laszt, ez\u00e9rt egyik szempontot sem \u00e9rdemes \u00f6nmag\u00e1ban kezelni.<\/p>\n\n\n\n<h2 class=\"wp-block-heading\">Gyakori hib\u00e1k, amelyeket \u00e9rdemes elker\u00fclni<\/h2>\n\n\n\n<ul class=\"wp-block-list\">\n<li>A burkol\u00e1st \u00e9s ki\u00e1ll\u00e1sokat a v\u00e9gleges b\u00fatorterv el\u0151tt elk\u00e9sz\u00edteni.<\/li>\n\n\n\n<li>A g\u00e9peket kiz\u00e1r\u00f3lag n\u00e9vleges m\u00e9ret alapj\u00e1n megvenni.<\/li>\n\n\n\n<li>A l\u00e1tv\u00e1ny kedv\u00e9\u00e9rt t\u00fal kev\u00e9s \u00f6sszef\u00fcgg\u0151 munkafel\u00fcletet hagyni.<\/li>\n<\/ul>\n\n\n\n<h2 class=\"wp-block-heading\">Gyors ellen\u0151rz\u0151lista d\u00f6nt\u00e9s el\u0151tt<\/h2>\n\n\n\n<ul class=\"wp-block-list\">\n<li>\u00cdrd \u00f6ssze a g\u00e9pek pontos t\u00edpus\u00e1t \u00e9s m\u0171szaki adatlapj\u00e1t.<\/li>\n\n\n\n<li>Jel\u00f6ld ki a t\u00e1rol\u00e1si, mos\u00e1si, el\u0151k\u00e9sz\u00edt\u00e9si \u00e9s f\u0151z\u00e9si z\u00f3n\u00e1t.<\/li>\n\n\n\n<li>Ellen\u0151rizd az ajt\u00f3k, fi\u00f3kok \u00e9s g\u00e9pek nyit\u00e1s\u00e1t.<\/li>\n\n\n\n<li>A ki\u00e1ll\u00e1sokat csak a j\u00f3v\u00e1hagyott b\u00fatorterv alapj\u00e1n v\u00e9gleges\u00edtsd.<\/li>\n<\/ul>\n\n\n\n<h2 class=\"wp-block-heading\">\u00d6sszegz\u00e9s<\/h2>\n\n\n\n<p class=\"wp-block-paragraph\">A b\u00fatortervet a g\u00e9p\u00e9szeti ki\u00e1ll\u00e1sok \u00e9s a burkol\u00e1s v\u00e9gleges\u00edt\u00e9se el\u0151tt \u00e9rdemes elk\u00e9sz\u00edteni, \u00edgy a helyis\u00e9g alkalmazkodhat a j\u00f3 elrendez\u00e9shez. A tart\u00f3s eredm\u00e9nyhez a k\u00fcls\u0151 megjelen\u00e9st, a m\u0171szaki r\u00e9szleteket \u00e9s a saj\u00e1t haszn\u00e1lati szok\u00e1saidat egy tervben kell \u00f6sszehangolni.<\/p>\n\n\n\n<p class=\"wp-block-paragraph\"><strong>K\u00f6vetkez\u0151 l\u00e9p\u00e9s:<\/strong> Ha egyedi konyhab\u00fatort tervezel, \u00e9rdemes m\u00e9g a g\u00e9p\u00e9szeti ki\u00e1ll\u00e1sok \u00e9s a burkol\u00e1s v\u00e9gleges\u00edt\u00e9se el\u0151tt egyeztetn\u00fcnk. K\u00e9rj konzult\u00e1ci\u00f3t a Ferencz B\u00fatort\u00f3l, hogy a l\u00e1tv\u00e1ny \u00e9s a mindennapi haszn\u00e1lhat\u00f3s\u00e1g egy\u00fctt \u00e1lljon \u00f6ssze.<\/p>\n","protected":false},"excerpt":{"rendered":"<p>R\u00f6viden: A b\u00fatortervet a g\u00e9p\u00e9szeti ki\u00e1ll\u00e1sok \u00e9s a burkol\u00e1s v\u00e9gleges\u00edt\u00e9se el\u0151tt \u00e9rdemes elk\u00e9sz\u00edteni, \u00edgy a helyis\u00e9g alkalmazkodhat a j\u00f3 elrendez\u00e9shez. 1. Munkafolyamat \u00e9s z\u00f3n\u00e1k Gondold v\u00e9gig az \u00e9lelmiszer el\u0151v\u00e9tel\u00e9nek, mos\u00e1s\u00e1nak, el\u0151k\u00e9sz\u00edt\u00e9s\u00e9nek, f\u0151z\u00e9s\u00e9nek \u00e9s t\u00e1lal\u00e1s\u00e1nak sorrendj\u00e9t. A gyakran egy\u00fctt haszn\u00e1lt funkci\u00f3k ker\u00fcljenek k\u00f6zel egym\u00e1shoz, mik\u00f6zben maradjon elegend\u0151 \u00f6sszef\u00fcgg\u0151 munkafel\u00fclet. A c\u00e9l nem egy tank\u00f6nyvi forma k\u00f6vet\u00e9se, [&hellip;]<\/p>\n","protected":false},"author":1,"featured_media":361,"comment_status":"open","ping_status":"open","sticky":false,"template":"","format":"standard","meta":{"footnotes":""},"categories":[1],"tags":[],"class_list":["post-632","post","type-post","status-publish","format-standard","has-post-thumbnail","hentry","category-uncategorized"],"_links":{"self":[{"href":"https:\/\/ferenczbutor.hu\/index.php\/wp-json\/wp\/v2\/posts\/632","targetHints":{"allow":["GET"]}}],"collection":[{"href":"https:\/\/ferenczbutor.hu\/index.php\/wp-json\/wp\/v2\/posts"}],"about":[{"href":"https:\/\/ferenczbutor.hu\/index.php\/wp-json\/wp\/v2\/types\/post"}],"author":[{"embeddable":true,"href":"https:\/\/ferenczbutor.hu\/index.php\/wp-json\/wp\/v2\/users\/1"}],"replies":[{"embeddable":true,"href":"https:\/\/ferenczbutor.hu\/index.php\/wp-json\/wp\/v2\/comments?post=632"}],"version-history":[{"count":2,"href":"https:\/\/ferenczbutor.hu\/index.php\/wp-json\/wp\/v2\/posts\/632\/revisions"}],"predecessor-version":[{"id":634,"href":"https:\/\/ferenczbutor.hu\/index.php\/wp-json\/wp\/v2\/posts\/632\/revisions\/634"}],"wp:featuredmedia":[{"embeddable":true,"href":"https:\/\/ferenczbutor.hu\/index.php\/wp-json\/wp\/v2\/media\/361"}],"wp:attachment":[{"href":"https:\/\/ferenczbutor.hu\/index.php\/wp-json\/wp\/v2\/media?parent=632"}],"wp:term":[{"taxonomy":"category","embeddable":true,"href":"https:\/\/ferenczbutor.hu\/index.php\/wp-json\/wp\/v2\/categories?post=632"},{"taxonomy":"post_tag","embeddable":true,"href":"https:\/\/ferenczbutor.hu\/index.php\/wp-json\/wp\/v2\/tags?post=632"}],"curies":[{"name":"wp","href":"https:\/\/api.w.org\/{rel}","templated":true}]}}